{"id":8126,"date":"2025-03-10T14:13:52","date_gmt":"2025-03-10T17:13:52","guid":{"rendered":"https:\/\/elconquistadorredloslagos.cl\/test\/?p=8126"},"modified":"2025-03-10T14:13:53","modified_gmt":"2025-03-10T17:13:53","slug":"anuncian-plan-de-implementacion-de-apertura-parcializada-para-el-nuevo-hospital-de-quellon","status":"publish","type":"post","link":"https:\/\/elconquistadorredloslagos.cl\/test\/blog\/2025\/03\/10\/anuncian-plan-de-implementacion-de-apertura-parcializada-para-el-nuevo-hospital-de-quellon\/","title":{"rendered":"Anuncian Plan de implementaci\u00f3n de apertura parcializada para el nuevo hospital de Quell\u00f3n"},"content":{"rendered":"\n<p>El Servicio de Salud Chilo\u00e9 y el Hospital de Quell\u00f3n anunciaron un plan de implementaci\u00f3n de apertura parcializada para el nuevo centro asistencial, que abrir\u00e1 gradualmente sus dependencias. La medida se tom\u00f3 despu\u00e9s de que los equipos directivos y t\u00e9cnicos recorrieran el recinto el pasado 23 de diciembre, siendo ratificado en reuni\u00f3n masiva con los equipos de Puesta en Marcha.<\/p>\n\n\n\n<p>La directora del Servicio de Salud Chilo\u00e9, Marcela C\u00e1rcamo, explic\u00f3 que el plan se resolvi\u00f3 tras un exhaustivo an\u00e1lisis con los equipos y consiste en abrir gradualmente las dependencias del hospital, comenzando con el Consultorio Adosado de Especialidades (CAE). Para ello, se contar\u00e1 con algunas unidades de apoyo diagn\u00f3stico como farmacia de atenci\u00f3n ambulatoria, toma de muestras de laboratorio y vacunatorio, que permitir\u00e1n la atenci\u00f3n de los usuarios y usuarias.<\/p>\n\n\n\n<figure class=\"wp-block-audio\"><audio controls src=\"https:\/\/elconquistadorredloslagos.cl\/test\/wp-content\/uploads\/2025\/03\/CUNA-MARCELA-CARCAMO.mp3\"><\/audio><\/figure>\n\n\n\n<p>Al respecto el director del Hospital de Quell\u00f3n, Francisco Camilo, se\u00f1al\u00f3 que se est\u00e1 trabajando junto con el equipo local para poder preparar la apertura progresiva en el nuevo edificio.<\/p>\n\n\n\n<figure class=\"wp-block-audio\"><audio controls src=\"https:\/\/elconquistadorredloslagos.cl\/test\/wp-content\/uploads\/2025\/03\/CUNA-FRANCISCO-CAMILO.mp3\"><\/audio><\/figure>\n\n\n\n<p>Cabe destacar que este plan forma parte del compromiso del Servicio de Salud Chilo\u00e9 y el Hospital de Quell\u00f3n por brindar una atenci\u00f3n de calidad a la comunidad, en el nuevo edificio, que supera en seis veces el espacio al actual, pasando de 2.500 M2 a 16 mil m2 de edificaci\u00f3n, cuya inversi\u00f3n total alcanz\u00f3 los M$83.644.505, beneficiando a cerca de 40 mil habitantes de Quell\u00f3n y sus alrededores.<\/p>\n","protected":false},"excerpt":{"rendered":"<p>El Servicio de Salud Chilo\u00e9 y el Hospital de Quell\u00f3n anunciaron un plan de implementaci\u00f3n de apertura parcializada para el nuevo centro asistencial, que abrir\u00e1 gradualmente sus dependencias. La medida..<\/p>\n","protected":false},"author":2,"featured_media":8131,"comment_status":"closed","ping_status":"open","sticky":false,"template":"","format":"standard","meta":{"footnotes":""},"categories":[1,28],"tags":[],"class_list":["post-8126","post","type-post","status-publish","format-standard","has-post-thumbnail","hentry","category-acontecer","category-actual"],"rttpg_featured_image_url":{"full":["https:\/\/elconquistadorredloslagos.cl\/test\/wp-content\/uploads\/2025\/03\/img_-3.jpg",1920,1080,false],"landscape":["https:\/\/elconquistadorredloslagos.cl\/test\/wp-content\/uploads\/2025\/03\/img_-3.jpg",1920,1080,false],"portraits":["https:\/\/elconquistadorredloslagos.cl\/test\/wp-content\/uploads\/2025\/03\/img_-3.jpg",1920,1080,false],"thumbnail":["https:\/\/elconquistadorredloslagos.cl\/test\/wp-content\/uploads\/2025\/03\/img_-3-150x150.jpg",150,150,true],"medium":["https:\/\/elconquistadorredloslagos.cl\/test\/wp-content\/uploads\/2025\/03\/img_-3-300x169.jpg",300,169,true],"large":["https:\/\/elconquistadorredloslagos.cl\/test\/wp-content\/uploads\/2025\/03\/img_-3-1024x576.jpg",1024,576,true],"1536x1536":["https:\/\/elconquistadorredloslagos.cl\/test\/wp-content\/uploads\/2025\/03\/img_-3-1536x864.jpg",1536,864,true],"2048x2048":["https:\/\/elconquistadorredloslagos.cl\/test\/wp-content\/uploads\/2025\/03\/img_-3.jpg",1920,1080,false]},"rttpg_author":{"display_name":"ccardenas","author_link":"https:\/\/elconquistadorredloslagos.cl\/test\/blog\/author\/ccardenas\/"},"rttpg_comment":0,"rttpg_category":"<a href=\"https:\/\/elconquistadorredloslagos.cl\/test\/blog\/category\/actual\/acontecer\/\" rel=\"category tag\">Acontecer<\/a> <a href=\"https:\/\/elconquistadorredloslagos.cl\/test\/blog\/category\/actual\/\" rel=\"category tag\">Actualidad<\/a>","rttpg_excerpt":"El Servicio de Salud Chilo\u00e9 y el Hospital de Quell\u00f3n anunciaron un plan de implementaci\u00f3n de apertura parcializada para el nuevo centro asistencial, que abrir\u00e1 gradualmente sus dependencias. La medida..","_links":{"self":[{"href":"https:\/\/elconquistadorredloslagos.cl\/test\/wp-json\/wp\/v2\/posts\/8126","targetHints":{"allow":["GET"]}}],"collection":[{"href":"https:\/\/elconquistadorredloslagos.cl\/test\/wp-json\/wp\/v2\/posts"}],"about":[{"href":"https:\/\/elconquistadorredloslagos.cl\/test\/wp-json\/wp\/v2\/types\/post"}],"author":[{"embeddable":true,"href":"https:\/\/elconquistadorredloslagos.cl\/test\/wp-json\/wp\/v2\/users\/2"}],"replies":[{"embeddable":true,"href":"https:\/\/elconquistadorredloslagos.cl\/test\/wp-json\/wp\/v2\/comments?post=8126"}],"version-history":[{"count":1,"href":"https:\/\/elconquistadorredloslagos.cl\/test\/wp-json\/wp\/v2\/posts\/8126\/revisions"}],"predecessor-version":[{"id":8132,"href":"https:\/\/elconquistadorredloslagos.cl\/test\/wp-json\/wp\/v2\/posts\/8126\/revisions\/8132"}],"wp:featuredmedia":[{"embeddable":true,"href":"https:\/\/elconquistadorredloslagos.cl\/test\/wp-json\/wp\/v2\/media\/8131"}],"wp:attachment":[{"href":"https:\/\/elconquistadorredloslagos.cl\/test\/wp-json\/wp\/v2\/media?parent=8126"}],"wp:term":[{"taxonomy":"category","embeddable":true,"href":"https:\/\/elconquistadorredloslagos.cl\/test\/wp-json\/wp\/v2\/categories?post=8126"},{"taxonomy":"post_tag","embeddable":true,"href":"https:\/\/elconquistadorredloslagos.cl\/test\/wp-json\/wp\/v2\/tags?post=8126"}],"curies":[{"name":"wp","href":"https:\/\/api.w.org\/{rel}","templated":true}]}}