{"id":8114,"date":"2025-03-10T13:28:38","date_gmt":"2025-03-10T16:28:38","guid":{"rendered":"https:\/\/elconquistadorredloslagos.cl\/test\/?p=8114"},"modified":"2025-03-10T13:28:39","modified_gmt":"2025-03-10T16:28:39","slug":"descartan-participacion-de-terceros-en-hallazgo-de-cadaver-en-ancud","status":"publish","type":"post","link":"https:\/\/elconquistadorredloslagos.cl\/test\/blog\/2025\/03\/10\/descartan-participacion-de-terceros-en-hallazgo-de-cadaver-en-ancud\/","title":{"rendered":"Descartan participaci\u00f3n de terceros en hallazgo de cad\u00e1ver en Ancud"},"content":{"rendered":"\n<p>La Fiscal de Ancud, Pilar Werner, inform\u00f3 en las \u00faltimas horas que el cad\u00e1ver que se manten\u00eda en unos roquer\u00edos en el sector de Vista Hermosa, no presentar\u00eda lesiones atribuibles a terceras personas<\/p>\n\n\n\n<p>En cuanto al hallazgo, equipo especializado de la Brigada de Homicidios de la PDI, se encuentran realizando las diligencias tendientes a esclarecer el hecho.<\/p>\n\n\n\n<figure class=\"wp-block-audio\"><audio controls src=\"https:\/\/elconquistadorredloslagos.cl\/test\/wp-content\/uploads\/2025\/03\/CUNA-FISCAL-OK.mp3\"><\/audio><\/figure>\n\n\n\n<p>El procedimiento cuenta con la colaboraci\u00f3n de diversas unidades especializadas, a la espera de los peritajes que permitan establecer las causas del deceso.<\/p>\n\n\n\n<p>\ud83d\udcf7 Redes sociales<\/p>\n","protected":false},"excerpt":{"rendered":"<p>La Fiscal de Ancud, Pilar Werner, inform\u00f3 en las \u00faltimas horas que el cad\u00e1ver que se manten\u00eda en unos roquer\u00edos en el sector de Vista Hermosa, no presentar\u00eda lesiones atribuibles..<\/p>\n","protected":false},"author":2,"featured_media":8116,"comment_status":"closed","ping_status":"open","sticky":false,"template":"","format":"standard","meta":{"footnotes":""},"categories":[1,28],"tags":[],"class_list":["post-8114","post","type-post","status-publish","format-standard","has-post-thumbnail","hentry","category-acontecer","category-actual"],"rttpg_featured_image_url":{"full":["https:\/\/elconquistadorredloslagos.cl\/test\/wp-content\/uploads\/2025\/03\/img_-1.jpg",1920,1080,false],"landscape":["https:\/\/elconquistadorredloslagos.cl\/test\/wp-content\/uploads\/2025\/03\/img_-1.jpg",1920,1080,false],"portraits":["https:\/\/elconquistadorredloslagos.cl\/test\/wp-content\/uploads\/2025\/03\/img_-1.jpg",1920,1080,false],"thumbnail":["https:\/\/elconquistadorredloslagos.cl\/test\/wp-content\/uploads\/2025\/03\/img_-1-150x150.jpg",150,150,true],"medium":["https:\/\/elconquistadorredloslagos.cl\/test\/wp-content\/uploads\/2025\/03\/img_-1-300x169.jpg",300,169,true],"large":["https:\/\/elconquistadorredloslagos.cl\/test\/wp-content\/uploads\/2025\/03\/img_-1-1024x576.jpg",1024,576,true],"1536x1536":["https:\/\/elconquistadorredloslagos.cl\/test\/wp-content\/uploads\/2025\/03\/img_-1-1536x864.jpg",1536,864,true],"2048x2048":["https:\/\/elconquistadorredloslagos.cl\/test\/wp-content\/uploads\/2025\/03\/img_-1.jpg",1920,1080,false]},"rttpg_author":{"display_name":"ccardenas","author_link":"https:\/\/elconquistadorredloslagos.cl\/test\/blog\/author\/ccardenas\/"},"rttpg_comment":0,"rttpg_category":"<a href=\"https:\/\/elconquistadorredloslagos.cl\/test\/blog\/category\/actual\/acontecer\/\" rel=\"category tag\">Acontecer<\/a> <a href=\"https:\/\/elconquistadorredloslagos.cl\/test\/blog\/category\/actual\/\" rel=\"category tag\">Actualidad<\/a>","rttpg_excerpt":"La Fiscal de Ancud, Pilar Werner, inform\u00f3 en las \u00faltimas horas que el cad\u00e1ver que se manten\u00eda en unos roquer\u00edos en el sector de Vista Hermosa, no presentar\u00eda lesiones atribuibles..","_links":{"self":[{"href":"https:\/\/elconquistadorredloslagos.cl\/test\/wp-json\/wp\/v2\/posts\/8114","targetHints":{"allow":["GET"]}}],"collection":[{"href":"https:\/\/elconquistadorredloslagos.cl\/test\/wp-json\/wp\/v2\/posts"}],"about":[{"href":"https:\/\/elconquistadorredloslagos.cl\/test\/wp-json\/wp\/v2\/types\/post"}],"author":[{"embeddable":true,"href":"https:\/\/elconquistadorredloslagos.cl\/test\/wp-json\/wp\/v2\/users\/2"}],"replies":[{"embeddable":true,"href":"https:\/\/elconquistadorredloslagos.cl\/test\/wp-json\/wp\/v2\/comments?post=8114"}],"version-history":[{"count":1,"href":"https:\/\/elconquistadorredloslagos.cl\/test\/wp-json\/wp\/v2\/posts\/8114\/revisions"}],"predecessor-version":[{"id":8117,"href":"https:\/\/elconquistadorredloslagos.cl\/test\/wp-json\/wp\/v2\/posts\/8114\/revisions\/8117"}],"wp:featuredmedia":[{"embeddable":true,"href":"https:\/\/elconquistadorredloslagos.cl\/test\/wp-json\/wp\/v2\/media\/8116"}],"wp:attachment":[{"href":"https:\/\/elconquistadorredloslagos.cl\/test\/wp-json\/wp\/v2\/media?parent=8114"}],"wp:term":[{"taxonomy":"category","embeddable":true,"href":"https:\/\/elconquistadorredloslagos.cl\/test\/wp-json\/wp\/v2\/categories?post=8114"},{"taxonomy":"post_tag","embeddable":true,"href":"https:\/\/elconquistadorredloslagos.cl\/test\/wp-json\/wp\/v2\/tags?post=8114"}],"curies":[{"name":"wp","href":"https:\/\/api.w.org\/{rel}","templated":true}]}}