{"id":8010,"date":"2025-03-05T17:31:23","date_gmt":"2025-03-05T20:31:23","guid":{"rendered":"https:\/\/elconquistadorredloslagos.cl\/test\/?p=8010"},"modified":"2025-03-05T17:31:24","modified_gmt":"2025-03-05T20:31:24","slug":"carolina-toha-exministra-del-interior-ha-llegado-el-momento-de-asumir-otra-etapa-politica","status":"publish","type":"post","link":"https:\/\/elconquistadorredloslagos.cl\/test\/blog\/2025\/03\/05\/carolina-toha-exministra-del-interior-ha-llegado-el-momento-de-asumir-otra-etapa-politica\/","title":{"rendered":"Carolina Toh\u00e1, exministra del Interior: \u201cha llegado el momento de asumir otra etapa pol\u00edtica\u201d"},"content":{"rendered":"\n<p>Diversas opiniones trajo consigo la renuncia de la ahora exministra Carolina Toh\u00e1 (PPD) a la cartera de Interior y Seguridad P\u00fablica, para lanzar su candidatura presidencial a las elecciones de noviembre pr\u00f3ximo.<\/p>\n\n\n\n<p>Si bien la otrora secretaria de Estado aparece bastante m\u00e1s abajo en los sondeos que otros aspirantes a la Moneda, recibi\u00f3 eso s\u00ed el espaldarazo del presidente Gabriel Boric, quien design\u00f3 en su puesto al ministro Secretario General de la Presidencia, \u00c1lvaro Elizalde (PS).<\/p>\n\n\n\n<p>Entre sus declaraciones, Toh\u00e1 manifest\u00f3 que \u201cno puedo restarme del desaf\u00edo presidencial. Ha llegado el momento de asumir otra etapa pol\u00edtica, que es postular a la Presidencia de la Rep\u00fablica\u201d, sostuvo.<\/p>\n\n\n\n<p>Asimismo, hizo alusi\u00f3n a su nutrido curriculum en pol\u00edtica, expresando que \u201che tenido triunfos y derrotas; he estado en momentos de abundancia y en momentos de escasez en pol\u00edtica; y todo eso se resume en experiencia para ofrecerle al pa\u00eds un proyecto nacional de progreso, cohesi\u00f3n y seguridad\u201d, asever\u00f3.<\/p>\n","protected":false},"excerpt":{"rendered":"<p>Diversas opiniones trajo consigo la renuncia de la ahora exministra Carolina Toh\u00e1 (PPD) a la cartera de Interior y Seguridad P\u00fablica, para lanzar su candidatura presidencial a las elecciones de..<\/p>\n","protected":false},"author":2,"featured_media":8011,"comment_status":"closed","ping_status":"open","sticky":false,"template":"","format":"standard","meta":{"footnotes":""},"categories":[1,28,38],"tags":[],"class_list":["post-8010","post","type-post","status-publish","format-standard","has-post-thumbnail","hentry","category-acontecer","category-actual","category-politica"],"rttpg_featured_image_url":{"full":["https:\/\/elconquistadorredloslagos.cl\/test\/wp-content\/uploads\/2025\/03\/IMG-25.jpg",1920,1080,false],"landscape":["https:\/\/elconquistadorredloslagos.cl\/test\/wp-content\/uploads\/2025\/03\/IMG-25.jpg",1920,1080,false],"portraits":["https:\/\/elconquistadorredloslagos.cl\/test\/wp-content\/uploads\/2025\/03\/IMG-25.jpg",1920,1080,false],"thumbnail":["https:\/\/elconquistadorredloslagos.cl\/test\/wp-content\/uploads\/2025\/03\/IMG-25-150x150.jpg",150,150,true],"medium":["https:\/\/elconquistadorredloslagos.cl\/test\/wp-content\/uploads\/2025\/03\/IMG-25-300x169.jpg",300,169,true],"large":["https:\/\/elconquistadorredloslagos.cl\/test\/wp-content\/uploads\/2025\/03\/IMG-25-1024x576.jpg",1024,576,true],"1536x1536":["https:\/\/elconquistadorredloslagos.cl\/test\/wp-content\/uploads\/2025\/03\/IMG-25-1536x864.jpg",1536,864,true],"2048x2048":["https:\/\/elconquistadorredloslagos.cl\/test\/wp-content\/uploads\/2025\/03\/IMG-25.jpg",1920,1080,false]},"rttpg_author":{"display_name":"ccardenas","author_link":"https:\/\/elconquistadorredloslagos.cl\/test\/blog\/author\/ccardenas\/"},"rttpg_comment":0,"rttpg_category":"<a href=\"https:\/\/elconquistadorredloslagos.cl\/test\/blog\/category\/actual\/acontecer\/\" rel=\"category tag\">Acontecer<\/a> <a href=\"https:\/\/elconquistadorredloslagos.cl\/test\/blog\/category\/actual\/\" rel=\"category tag\">Actualidad<\/a> <a href=\"https:\/\/elconquistadorredloslagos.cl\/test\/blog\/category\/actual\/politica\/\" rel=\"category tag\">Politica<\/a>","rttpg_excerpt":"Diversas opiniones trajo consigo la renuncia de la ahora exministra Carolina Toh\u00e1 (PPD) a la cartera de Interior y Seguridad P\u00fablica, para lanzar su candidatura presidencial a las elecciones de..","_links":{"self":[{"href":"https:\/\/elconquistadorredloslagos.cl\/test\/wp-json\/wp\/v2\/posts\/8010","targetHints":{"allow":["GET"]}}],"collection":[{"href":"https:\/\/elconquistadorredloslagos.cl\/test\/wp-json\/wp\/v2\/posts"}],"about":[{"href":"https:\/\/elconquistadorredloslagos.cl\/test\/wp-json\/wp\/v2\/types\/post"}],"author":[{"embeddable":true,"href":"https:\/\/elconquistadorredloslagos.cl\/test\/wp-json\/wp\/v2\/users\/2"}],"replies":[{"embeddable":true,"href":"https:\/\/elconquistadorredloslagos.cl\/test\/wp-json\/wp\/v2\/comments?post=8010"}],"version-history":[{"count":1,"href":"https:\/\/elconquistadorredloslagos.cl\/test\/wp-json\/wp\/v2\/posts\/8010\/revisions"}],"predecessor-version":[{"id":8012,"href":"https:\/\/elconquistadorredloslagos.cl\/test\/wp-json\/wp\/v2\/posts\/8010\/revisions\/8012"}],"wp:featuredmedia":[{"embeddable":true,"href":"https:\/\/elconquistadorredloslagos.cl\/test\/wp-json\/wp\/v2\/media\/8011"}],"wp:attachment":[{"href":"https:\/\/elconquistadorredloslagos.cl\/test\/wp-json\/wp\/v2\/media?parent=8010"}],"wp:term":[{"taxonomy":"category","embeddable":true,"href":"https:\/\/elconquistadorredloslagos.cl\/test\/wp-json\/wp\/v2\/categories?post=8010"},{"taxonomy":"post_tag","embeddable":true,"href":"https:\/\/elconquistadorredloslagos.cl\/test\/wp-json\/wp\/v2\/tags?post=8010"}],"curies":[{"name":"wp","href":"https:\/\/api.w.org\/{rel}","templated":true}]}}