{"id":8007,"date":"2025-03-05T17:15:35","date_gmt":"2025-03-05T20:15:35","guid":{"rendered":"https:\/\/elconquistadorredloslagos.cl\/test\/?p=8007"},"modified":"2025-03-05T17:15:35","modified_gmt":"2025-03-05T20:15:35","slug":"los-lagos-alerta-amarilla-por-intensas-lluvias-en-corto-periodo-de-tiempo","status":"publish","type":"post","link":"https:\/\/elconquistadorredloslagos.cl\/test\/blog\/2025\/03\/05\/los-lagos-alerta-amarilla-por-intensas-lluvias-en-corto-periodo-de-tiempo\/","title":{"rendered":"Los Lagos: Alerta Amarilla por intensas lluvias en corto per\u00edodo de tiempo"},"content":{"rendered":"\n<p>La Regi\u00f3n de Los Lagos se encuentra en Alerta Amarilla declarada por Direcci\u00f3n Regional de SENAPRED en coordinaci\u00f3n con la delegaci\u00f3n presidencial producto del evento meteorol\u00f3gico, ante la posibilidad de precipitaciones intensas en un corto per\u00edodo de tiempo.<\/p>\n\n\n\n<p>El fen\u00f3meno tendr\u00eda lugar desde la noche de hoy -mi\u00e9rcoles 5 de marzo- hasta la ma\u00f1ana de este jueves 6, afectando principalmente las zonas del Litoral Interior y la Cordillera Austral en la regi\u00f3n de Los Lagos (Provincia de Palena y las comunas de Puerto Montt, Calbuco y Cocham\u00f3 en la Provincia de Llanquihue)<\/p>\n\n\n\n<p>El objetivo de las coordinaciones es comunicar a la ciudadan\u00eda sobre las condiciones del sistema frontal y tomar los cursos de acciones necesarios para prevenir y responder de manera oportuna ante eventuales situaciones emergencia, debido a este sistema frontal.<\/p>\n\n\n\n<p>La alerta estar\u00e1 vigente desde hoy y se mantendr\u00e1 hasta que las condiciones meteorol\u00f3gicas lo permitan.<\/p>\n\n\n\n<p>\ud83d\udcf7 Referencial<\/p>\n","protected":false},"excerpt":{"rendered":"<p>La Regi\u00f3n de Los Lagos se encuentra en Alerta Amarilla declarada por Direcci\u00f3n Regional de SENAPRED en coordinaci\u00f3n con la delegaci\u00f3n presidencial producto del evento meteorol\u00f3gico, ante la posibilidad de..<\/p>\n","protected":false},"author":2,"featured_media":8008,"comment_status":"closed","ping_status":"open","sticky":false,"template":"","format":"standard","meta":{"footnotes":""},"categories":[1,28],"tags":[],"class_list":["post-8007","post","type-post","status-publish","format-standard","has-post-thumbnail","hentry","category-acontecer","category-actual"],"rttpg_featured_image_url":{"full":["https:\/\/elconquistadorredloslagos.cl\/test\/wp-content\/uploads\/2025\/03\/IMG-24.jpg",1920,1080,false],"landscape":["https:\/\/elconquistadorredloslagos.cl\/test\/wp-content\/uploads\/2025\/03\/IMG-24.jpg",1920,1080,false],"portraits":["https:\/\/elconquistadorredloslagos.cl\/test\/wp-content\/uploads\/2025\/03\/IMG-24.jpg",1920,1080,false],"thumbnail":["https:\/\/elconquistadorredloslagos.cl\/test\/wp-content\/uploads\/2025\/03\/IMG-24-150x150.jpg",150,150,true],"medium":["https:\/\/elconquistadorredloslagos.cl\/test\/wp-content\/uploads\/2025\/03\/IMG-24-300x169.jpg",300,169,true],"large":["https:\/\/elconquistadorredloslagos.cl\/test\/wp-content\/uploads\/2025\/03\/IMG-24-1024x576.jpg",1024,576,true],"1536x1536":["https:\/\/elconquistadorredloslagos.cl\/test\/wp-content\/uploads\/2025\/03\/IMG-24-1536x864.jpg",1536,864,true],"2048x2048":["https:\/\/elconquistadorredloslagos.cl\/test\/wp-content\/uploads\/2025\/03\/IMG-24.jpg",1920,1080,false]},"rttpg_author":{"display_name":"ccardenas","author_link":"https:\/\/elconquistadorredloslagos.cl\/test\/blog\/author\/ccardenas\/"},"rttpg_comment":0,"rttpg_category":"<a href=\"https:\/\/elconquistadorredloslagos.cl\/test\/blog\/category\/actual\/acontecer\/\" rel=\"category tag\">Acontecer<\/a> <a href=\"https:\/\/elconquistadorredloslagos.cl\/test\/blog\/category\/actual\/\" rel=\"category tag\">Actualidad<\/a>","rttpg_excerpt":"La Regi\u00f3n de Los Lagos se encuentra en Alerta Amarilla declarada por Direcci\u00f3n Regional de SENAPRED en coordinaci\u00f3n con la delegaci\u00f3n presidencial producto del evento meteorol\u00f3gico, ante la posibilidad de..","_links":{"self":[{"href":"https:\/\/elconquistadorredloslagos.cl\/test\/wp-json\/wp\/v2\/posts\/8007","targetHints":{"allow":["GET"]}}],"collection":[{"href":"https:\/\/elconquistadorredloslagos.cl\/test\/wp-json\/wp\/v2\/posts"}],"about":[{"href":"https:\/\/elconquistadorredloslagos.cl\/test\/wp-json\/wp\/v2\/types\/post"}],"author":[{"embeddable":true,"href":"https:\/\/elconquistadorredloslagos.cl\/test\/wp-json\/wp\/v2\/users\/2"}],"replies":[{"embeddable":true,"href":"https:\/\/elconquistadorredloslagos.cl\/test\/wp-json\/wp\/v2\/comments?post=8007"}],"version-history":[{"count":1,"href":"https:\/\/elconquistadorredloslagos.cl\/test\/wp-json\/wp\/v2\/posts\/8007\/revisions"}],"predecessor-version":[{"id":8009,"href":"https:\/\/elconquistadorredloslagos.cl\/test\/wp-json\/wp\/v2\/posts\/8007\/revisions\/8009"}],"wp:featuredmedia":[{"embeddable":true,"href":"https:\/\/elconquistadorredloslagos.cl\/test\/wp-json\/wp\/v2\/media\/8008"}],"wp:attachment":[{"href":"https:\/\/elconquistadorredloslagos.cl\/test\/wp-json\/wp\/v2\/media?parent=8007"}],"wp:term":[{"taxonomy":"category","embeddable":true,"href":"https:\/\/elconquistadorredloslagos.cl\/test\/wp-json\/wp\/v2\/categories?post=8007"},{"taxonomy":"post_tag","embeddable":true,"href":"https:\/\/elconquistadorredloslagos.cl\/test\/wp-json\/wp\/v2\/tags?post=8007"}],"curies":[{"name":"wp","href":"https:\/\/api.w.org\/{rel}","templated":true}]}}