{"id":7931,"date":"2025-03-04T11:33:18","date_gmt":"2025-03-04T14:33:18","guid":{"rendered":"https:\/\/elconquistadorredloslagos.cl\/test\/?p=7931"},"modified":"2025-03-04T11:33:18","modified_gmt":"2025-03-04T14:33:18","slug":"captan-a-vison-merodeando-en-oficinas-del-sii-de-castro","status":"publish","type":"post","link":"https:\/\/elconquistadorredloslagos.cl\/test\/blog\/2025\/03\/04\/captan-a-vison-merodeando-en-oficinas-del-sii-de-castro\/","title":{"rendered":"Captan a vis\u00f3n merodeando en oficinas del SII de Castro"},"content":{"rendered":"\n<p>Preocupaci\u00f3n gener\u00f3 la presencia de un vis\u00f3n en las oficinas del Servicio de Impuestos Internos en la ciudad de Castro, situaci\u00f3n que fue captada en video y r\u00e1pidamente viralizado. El hecho fue denunciado a personal del Servicio Agr\u00edcola y Ganadero (SAG) quienes procedieron a su captura.<\/p>\n\n\n\n<p>El vis\u00f3n americano (Neovison vison) es una especia carn\u00edvora e invasora, que se introdujo hace cerca de un siglo en el sur del pa\u00eds, principalmente debido a su piel, que se utilizaba para diversas industrias. La empresa que traslad\u00f3 al animal desde el norte del continente no logr\u00f3 mantenerse a flote, lo que llev\u00f3 a su quiebra y a la liberaci\u00f3n de los visones, permitiendo que se multiplicaran r\u00e1pidamente y se convirtieran en una plaga.<\/p>\n\n\n\n<p>Desde la direcci\u00f3n regional del SAG Los Lagos, se indic\u00f3 que aparentemente se tratar\u00eda del mismo ejemplar juvenil que durante esta semana fue captado por transe\u00fantes circulando en el centro de la ciudad de Castro, a dos cuadras de las dependencias donde se concret\u00f3 su captura.<\/p>\n\n\n\n<figure class=\"wp-block-video\"><video height=\"720\" style=\"aspect-ratio: 1280 \/ 720;\" width=\"1280\" controls src=\"https:\/\/elconquistadorredloslagos.cl\/test\/wp-content\/uploads\/2025\/03\/vison.mp4\"><\/video><\/figure>\n\n\n\n<p>\ud83d\udcf7 Referencial<\/p>\n","protected":false},"excerpt":{"rendered":"<p>Preocupaci\u00f3n gener\u00f3 la presencia de un vis\u00f3n en las oficinas del Servicio de Impuestos Internos en la ciudad de Castro, situaci\u00f3n que fue captada en video y r\u00e1pidamente viralizado. El..<\/p>\n","protected":false},"author":2,"featured_media":7933,"comment_status":"closed","ping_status":"open","sticky":false,"template":"","format":"standard","meta":{"footnotes":""},"categories":[1,28],"tags":[],"class_list":["post-7931","post","type-post","status-publish","format-standard","has-post-thumbnail","hentry","category-acontecer","category-actual"],"rttpg_featured_image_url":{"full":["https:\/\/elconquistadorredloslagos.cl\/test\/wp-content\/uploads\/2025\/03\/img-11.jpg",1920,1080,false],"landscape":["https:\/\/elconquistadorredloslagos.cl\/test\/wp-content\/uploads\/2025\/03\/img-11.jpg",1920,1080,false],"portraits":["https:\/\/elconquistadorredloslagos.cl\/test\/wp-content\/uploads\/2025\/03\/img-11.jpg",1920,1080,false],"thumbnail":["https:\/\/elconquistadorredloslagos.cl\/test\/wp-content\/uploads\/2025\/03\/img-11-150x150.jpg",150,150,true],"medium":["https:\/\/elconquistadorredloslagos.cl\/test\/wp-content\/uploads\/2025\/03\/img-11-300x169.jpg",300,169,true],"large":["https:\/\/elconquistadorredloslagos.cl\/test\/wp-content\/uploads\/2025\/03\/img-11-1024x576.jpg",1024,576,true],"1536x1536":["https:\/\/elconquistadorredloslagos.cl\/test\/wp-content\/uploads\/2025\/03\/img-11-1536x864.jpg",1536,864,true],"2048x2048":["https:\/\/elconquistadorredloslagos.cl\/test\/wp-content\/uploads\/2025\/03\/img-11.jpg",1920,1080,false]},"rttpg_author":{"display_name":"ccardenas","author_link":"https:\/\/elconquistadorredloslagos.cl\/test\/blog\/author\/ccardenas\/"},"rttpg_comment":0,"rttpg_category":"<a href=\"https:\/\/elconquistadorredloslagos.cl\/test\/blog\/category\/actual\/acontecer\/\" rel=\"category tag\">Acontecer<\/a> <a href=\"https:\/\/elconquistadorredloslagos.cl\/test\/blog\/category\/actual\/\" rel=\"category tag\">Actualidad<\/a>","rttpg_excerpt":"Preocupaci\u00f3n gener\u00f3 la presencia de un vis\u00f3n en las oficinas del Servicio de Impuestos Internos en la ciudad de Castro, situaci\u00f3n que fue captada en video y r\u00e1pidamente viralizado. El..","_links":{"self":[{"href":"https:\/\/elconquistadorredloslagos.cl\/test\/wp-json\/wp\/v2\/posts\/7931","targetHints":{"allow":["GET"]}}],"collection":[{"href":"https:\/\/elconquistadorredloslagos.cl\/test\/wp-json\/wp\/v2\/posts"}],"about":[{"href":"https:\/\/elconquistadorredloslagos.cl\/test\/wp-json\/wp\/v2\/types\/post"}],"author":[{"embeddable":true,"href":"https:\/\/elconquistadorredloslagos.cl\/test\/wp-json\/wp\/v2\/users\/2"}],"replies":[{"embeddable":true,"href":"https:\/\/elconquistadorredloslagos.cl\/test\/wp-json\/wp\/v2\/comments?post=7931"}],"version-history":[{"count":1,"href":"https:\/\/elconquistadorredloslagos.cl\/test\/wp-json\/wp\/v2\/posts\/7931\/revisions"}],"predecessor-version":[{"id":7934,"href":"https:\/\/elconquistadorredloslagos.cl\/test\/wp-json\/wp\/v2\/posts\/7931\/revisions\/7934"}],"wp:featuredmedia":[{"embeddable":true,"href":"https:\/\/elconquistadorredloslagos.cl\/test\/wp-json\/wp\/v2\/media\/7933"}],"wp:attachment":[{"href":"https:\/\/elconquistadorredloslagos.cl\/test\/wp-json\/wp\/v2\/media?parent=7931"}],"wp:term":[{"taxonomy":"category","embeddable":true,"href":"https:\/\/elconquistadorredloslagos.cl\/test\/wp-json\/wp\/v2\/categories?post=7931"},{"taxonomy":"post_tag","embeddable":true,"href":"https:\/\/elconquistadorredloslagos.cl\/test\/wp-json\/wp\/v2\/tags?post=7931"}],"curies":[{"name":"wp","href":"https:\/\/api.w.org\/{rel}","templated":true}]}}