{"id":7866,"date":"2025-02-28T16:59:35","date_gmt":"2025-02-28T19:59:35","guid":{"rendered":"https:\/\/elconquistadorredloslagos.cl\/test\/?p=7866"},"modified":"2025-02-28T16:59:36","modified_gmt":"2025-02-28T19:59:36","slug":"muere-miguel-negro-pinera-a-los-70-anos-cantante-empresario-y-figura-de-la-bohemia-chilena","status":"publish","type":"post","link":"https:\/\/elconquistadorredloslagos.cl\/test\/blog\/2025\/02\/28\/muere-miguel-negro-pinera-a-los-70-anos-cantante-empresario-y-figura-de-la-bohemia-chilena\/","title":{"rendered":"Muere Miguel \u201cNegro\u201d Pi\u00f1era a los 70 a\u00f1os: cantante, empresario y figura de la bohemia chilena"},"content":{"rendered":"\n<p>Miguel \u201cNegro\u201d Pi\u00f1era, reconocido cantante y empresario chileno, falleci\u00f3 este viernes a los 70 a\u00f1os tras sufrir complicaciones derivadas de un c\u00e1ncer linf\u00e1tico, enfermedad que \u00e9l mismo confirm\u00f3 a fines de 2024. Su muerte pone fin a una vida marcada por la m\u00fasica, la bohemia y un estilo desenfadado que lo convirti\u00f3 en una figura inconfundible dentro del espect\u00e1culo nacional.<\/p>\n\n\n\n<p>El artista se encontraba realizando un show en Licanray cuando sufri\u00f3 dos infartos, lo que oblig\u00f3 a su traslado de urgencia al Hospital de Villarrica. A pesar de los esfuerzos m\u00e9dicos, su estado de salud se agrav\u00f3 y finalmente falleci\u00f3.<\/p>\n\n\n\n<p>M\u00e1s que el hermano de un Presidente<\/p>\n\n\n\n<p>Miguel Pi\u00f1era se hizo un nombre propio en la escena musical chilena, especialmente en la d\u00e9cada de 1980 con su \u00e9xito La luna llena, que lo catapult\u00f3 a la fama. Aunque proven\u00eda de una familia ligada a la pol\u00edtica\u2014su hermano Jos\u00e9 Pi\u00f1era fue ministro durante la dictadura de Augusto Pinochet y su otro hermano, Sebasti\u00e1n Pi\u00f1era, lleg\u00f3 a ser Presidente de Chile en dos periodos\u2014el \u201cNegro\u201d siempre opt\u00f3 por un camino diferente, consolid\u00e1ndose en el mundo del espect\u00e1culo y la noche capitalina.<\/p>\n\n\n\n<p>Adem\u00e1s de su faceta como cantante, Pi\u00f1era incursion\u00f3 en el rubro de la entretenci\u00f3n nocturna. En los a\u00f1os 90 abri\u00f3 el bar Entrenegros junto a su amigo y tambi\u00e9n cantante Miguelo. Ubicado en el barrio Suecia, el local se convirti\u00f3 en uno de los epicentros de la vida nocturna santiaguina, frecuentado por artistas, modelos y figuras de la televisi\u00f3n.<\/p>\n\n\n\n<p>Durante esa misma \u00e9poca, su presencia en los medios de comunicaci\u00f3n creci\u00f3 a\u00fan m\u00e1s, no solo por su m\u00fasica y su vida social, sino tambi\u00e9n por sus medi\u00e1ticas relaciones amorosas, entre ellas su romance con la modelo Carla Ochoa y su posterior matrimonio con Bel\u00e9n Hidalgo.<\/p>\n\n\n\n<p>Miguel \u201cNegro\u201d Pi\u00f1era deja un legado de canciones y recuerdos en el mundo del espect\u00e1culo chileno, donde ser\u00e1 recordado como un personaje carism\u00e1tico, irreverente y amante de la m\u00fasica y la bohemia.<\/p>\n","protected":false},"excerpt":{"rendered":"<p>Miguel \u201cNegro\u201d Pi\u00f1era, reconocido cantante y empresario chileno, falleci\u00f3 este viernes a los 70 a\u00f1os tras sufrir complicaciones derivadas de un c\u00e1ncer linf\u00e1tico, enfermedad que \u00e9l mismo confirm\u00f3 a fines..<\/p>\n","protected":false},"author":2,"featured_media":7867,"comment_status":"closed","ping_status":"open","sticky":false,"template":"","format":"standard","meta":{"footnotes":""},"categories":[1,28],"tags":[],"class_list":["post-7866","post","type-post","status-publish","format-standard","has-post-thumbnail","hentry","category-acontecer","category-actual"],"rttpg_featured_image_url":{"full":["https:\/\/elconquistadorredloslagos.cl\/test\/wp-content\/uploads\/2025\/02\/img-17.jpg",1920,1080,false],"landscape":["https:\/\/elconquistadorredloslagos.cl\/test\/wp-content\/uploads\/2025\/02\/img-17.jpg",1920,1080,false],"portraits":["https:\/\/elconquistadorredloslagos.cl\/test\/wp-content\/uploads\/2025\/02\/img-17.jpg",1920,1080,false],"thumbnail":["https:\/\/elconquistadorredloslagos.cl\/test\/wp-content\/uploads\/2025\/02\/img-17-150x150.jpg",150,150,true],"medium":["https:\/\/elconquistadorredloslagos.cl\/test\/wp-content\/uploads\/2025\/02\/img-17-300x169.jpg",300,169,true],"large":["https:\/\/elconquistadorredloslagos.cl\/test\/wp-content\/uploads\/2025\/02\/img-17-1024x576.jpg",1024,576,true],"1536x1536":["https:\/\/elconquistadorredloslagos.cl\/test\/wp-content\/uploads\/2025\/02\/img-17-1536x864.jpg",1536,864,true],"2048x2048":["https:\/\/elconquistadorredloslagos.cl\/test\/wp-content\/uploads\/2025\/02\/img-17.jpg",1920,1080,false]},"rttpg_author":{"display_name":"ccardenas","author_link":"https:\/\/elconquistadorredloslagos.cl\/test\/blog\/author\/ccardenas\/"},"rttpg_comment":0,"rttpg_category":"<a href=\"https:\/\/elconquistadorredloslagos.cl\/test\/blog\/category\/actual\/acontecer\/\" rel=\"category tag\">Acontecer<\/a> <a href=\"https:\/\/elconquistadorredloslagos.cl\/test\/blog\/category\/actual\/\" rel=\"category tag\">Actualidad<\/a>","rttpg_excerpt":"Miguel \u201cNegro\u201d Pi\u00f1era, reconocido cantante y empresario chileno, falleci\u00f3 este viernes a los 70 a\u00f1os tras sufrir complicaciones derivadas de un c\u00e1ncer linf\u00e1tico, enfermedad que \u00e9l mismo confirm\u00f3 a fines..","_links":{"self":[{"href":"https:\/\/elconquistadorredloslagos.cl\/test\/wp-json\/wp\/v2\/posts\/7866","targetHints":{"allow":["GET"]}}],"collection":[{"href":"https:\/\/elconquistadorredloslagos.cl\/test\/wp-json\/wp\/v2\/posts"}],"about":[{"href":"https:\/\/elconquistadorredloslagos.cl\/test\/wp-json\/wp\/v2\/types\/post"}],"author":[{"embeddable":true,"href":"https:\/\/elconquistadorredloslagos.cl\/test\/wp-json\/wp\/v2\/users\/2"}],"replies":[{"embeddable":true,"href":"https:\/\/elconquistadorredloslagos.cl\/test\/wp-json\/wp\/v2\/comments?post=7866"}],"version-history":[{"count":1,"href":"https:\/\/elconquistadorredloslagos.cl\/test\/wp-json\/wp\/v2\/posts\/7866\/revisions"}],"predecessor-version":[{"id":7868,"href":"https:\/\/elconquistadorredloslagos.cl\/test\/wp-json\/wp\/v2\/posts\/7866\/revisions\/7868"}],"wp:featuredmedia":[{"embeddable":true,"href":"https:\/\/elconquistadorredloslagos.cl\/test\/wp-json\/wp\/v2\/media\/7867"}],"wp:attachment":[{"href":"https:\/\/elconquistadorredloslagos.cl\/test\/wp-json\/wp\/v2\/media?parent=7866"}],"wp:term":[{"taxonomy":"category","embeddable":true,"href":"https:\/\/elconquistadorredloslagos.cl\/test\/wp-json\/wp\/v2\/categories?post=7866"},{"taxonomy":"post_tag","embeddable":true,"href":"https:\/\/elconquistadorredloslagos.cl\/test\/wp-json\/wp\/v2\/tags?post=7866"}],"curies":[{"name":"wp","href":"https:\/\/api.w.org\/{rel}","templated":true}]}}