{"id":7861,"date":"2025-02-28T14:21:58","date_gmt":"2025-02-28T17:21:58","guid":{"rendered":"https:\/\/elconquistadorredloslagos.cl\/test\/?p=7861"},"modified":"2025-02-28T14:21:59","modified_gmt":"2025-02-28T17:21:59","slug":"gobernador-santana-destaca-avances-y-desafios-de-la-industria-del-salmon-en-su-recorrido-por-plantas-salmoneras","status":"publish","type":"post","link":"https:\/\/elconquistadorredloslagos.cl\/test\/blog\/2025\/02\/28\/gobernador-santana-destaca-avances-y-desafios-de-la-industria-del-salmon-en-su-recorrido-por-plantas-salmoneras\/","title":{"rendered":"Gobernador Santana destaca avances y desaf\u00edos de la industria del salm\u00f3n en su recorrido por plantas salmoneras"},"content":{"rendered":"\n<p>En el marco de un plan de visita a plantas salmoneras de la regi\u00f3n, el Gobernador Regional de Los Lagos, Alejandro Santana Tirachini, destac\u00f3 la relevancia de la industria del salm\u00f3n para la econom\u00eda local y nacional. <\/p>\n\n\n\n<p>Durante su recorrido, el Gobernador pudo revisar de cerca los procesos productivos, los avances tecnol\u00f3gicos de implementaci\u00f3n reciente y las buenas pr\u00e1cticas que han permitido a esta industria mantenerse competitiva en el \u00e1mbito global.<\/p>\n\n\n\n<figure class=\"wp-block-audio\"><audio controls src=\"https:\/\/elconquistadorredloslagos.cl\/test\/wp-content\/uploads\/2025\/02\/A-Santana-online-audio-converter.com_.mp3\"><\/audio><\/figure>\n\n\n\n<p>Durante 2024, la industria del salm\u00f3n ha sido clave para las exportaciones de la regi\u00f3n, representando el 85,7% de las exportaciones totales de la Regi\u00f3n de Los Lagos. <\/p>\n","protected":false},"excerpt":{"rendered":"<p>En el marco de un plan de visita a plantas salmoneras de la regi\u00f3n, el Gobernador Regional de Los Lagos, Alejandro Santana Tirachini, destac\u00f3 la relevancia de la industria del..<\/p>\n","protected":false},"author":2,"featured_media":7863,"comment_status":"closed","ping_status":"open","sticky":false,"template":"","format":"standard","meta":{"footnotes":""},"categories":[1,28,25,27],"tags":[],"class_list":["post-7861","post","type-post","status-publish","format-standard","has-post-thumbnail","hentry","category-acontecer","category-actual","category-empresas","category-tecnologia"],"rttpg_featured_image_url":{"full":["https:\/\/elconquistadorredloslagos.cl\/test\/wp-content\/uploads\/2025\/02\/img-16.jpg",1920,1080,false],"landscape":["https:\/\/elconquistadorredloslagos.cl\/test\/wp-content\/uploads\/2025\/02\/img-16.jpg",1920,1080,false],"portraits":["https:\/\/elconquistadorredloslagos.cl\/test\/wp-content\/uploads\/2025\/02\/img-16.jpg",1920,1080,false],"thumbnail":["https:\/\/elconquistadorredloslagos.cl\/test\/wp-content\/uploads\/2025\/02\/img-16-150x150.jpg",150,150,true],"medium":["https:\/\/elconquistadorredloslagos.cl\/test\/wp-content\/uploads\/2025\/02\/img-16-300x169.jpg",300,169,true],"large":["https:\/\/elconquistadorredloslagos.cl\/test\/wp-content\/uploads\/2025\/02\/img-16-1024x576.jpg",1024,576,true],"1536x1536":["https:\/\/elconquistadorredloslagos.cl\/test\/wp-content\/uploads\/2025\/02\/img-16-1536x864.jpg",1536,864,true],"2048x2048":["https:\/\/elconquistadorredloslagos.cl\/test\/wp-content\/uploads\/2025\/02\/img-16.jpg",1920,1080,false]},"rttpg_author":{"display_name":"ccardenas","author_link":"https:\/\/elconquistadorredloslagos.cl\/test\/blog\/author\/ccardenas\/"},"rttpg_comment":0,"rttpg_category":"<a href=\"https:\/\/elconquistadorredloslagos.cl\/test\/blog\/category\/actual\/acontecer\/\" rel=\"category tag\">Acontecer<\/a> <a href=\"https:\/\/elconquistadorredloslagos.cl\/test\/blog\/category\/actual\/\" rel=\"category tag\">Actualidad<\/a> <a href=\"https:\/\/elconquistadorredloslagos.cl\/test\/blog\/category\/empresas\/\" rel=\"category tag\">Empresarial<\/a> <a href=\"https:\/\/elconquistadorredloslagos.cl\/test\/blog\/category\/actual\/tecnologia\/\" rel=\"category tag\">Tecnologias<\/a>","rttpg_excerpt":"En el marco de un plan de visita a plantas salmoneras de la regi\u00f3n, el Gobernador Regional de Los Lagos, Alejandro Santana Tirachini, destac\u00f3 la relevancia de la industria del..","_links":{"self":[{"href":"https:\/\/elconquistadorredloslagos.cl\/test\/wp-json\/wp\/v2\/posts\/7861","targetHints":{"allow":["GET"]}}],"collection":[{"href":"https:\/\/elconquistadorredloslagos.cl\/test\/wp-json\/wp\/v2\/posts"}],"about":[{"href":"https:\/\/elconquistadorredloslagos.cl\/test\/wp-json\/wp\/v2\/types\/post"}],"author":[{"embeddable":true,"href":"https:\/\/elconquistadorredloslagos.cl\/test\/wp-json\/wp\/v2\/users\/2"}],"replies":[{"embeddable":true,"href":"https:\/\/elconquistadorredloslagos.cl\/test\/wp-json\/wp\/v2\/comments?post=7861"}],"version-history":[{"count":1,"href":"https:\/\/elconquistadorredloslagos.cl\/test\/wp-json\/wp\/v2\/posts\/7861\/revisions"}],"predecessor-version":[{"id":7864,"href":"https:\/\/elconquistadorredloslagos.cl\/test\/wp-json\/wp\/v2\/posts\/7861\/revisions\/7864"}],"wp:featuredmedia":[{"embeddable":true,"href":"https:\/\/elconquistadorredloslagos.cl\/test\/wp-json\/wp\/v2\/media\/7863"}],"wp:attachment":[{"href":"https:\/\/elconquistadorredloslagos.cl\/test\/wp-json\/wp\/v2\/media?parent=7861"}],"wp:term":[{"taxonomy":"category","embeddable":true,"href":"https:\/\/elconquistadorredloslagos.cl\/test\/wp-json\/wp\/v2\/categories?post=7861"},{"taxonomy":"post_tag","embeddable":true,"href":"https:\/\/elconquistadorredloslagos.cl\/test\/wp-json\/wp\/v2\/tags?post=7861"}],"curies":[{"name":"wp","href":"https:\/\/api.w.org\/{rel}","templated":true}]}}