{"id":7852,"date":"2025-02-28T12:36:53","date_gmt":"2025-02-28T15:36:53","guid":{"rendered":"https:\/\/elconquistadorredloslagos.cl\/test\/?p=7852"},"modified":"2025-02-28T12:36:54","modified_gmt":"2025-02-28T15:36:54","slug":"ancud-accidente-entre-camion-y-retroexcavadora-deja-una-persona-fallecida","status":"publish","type":"post","link":"https:\/\/elconquistadorredloslagos.cl\/test\/blog\/2025\/02\/28\/ancud-accidente-entre-camion-y-retroexcavadora-deja-una-persona-fallecida\/","title":{"rendered":"Ancud: accidente entre cami\u00f3n y retroexcavadora deja una persona fallecida"},"content":{"rendered":"\n<p>Un nuevo accidente de tr\u00e1nsito enluta a las carreteras isle\u00f1as. En esta oportunidad el lugar de los tr\u00e1gicos acontecimientos fue la comuna de Ancud, espec\u00edficamente en la Ruta 5 pasado la cuesta Quempill\u00e9n en la localidad rural de Curam\u00f3.<\/p>\n\n\n\n<p>De acuerdo a los antecedentes preliminares, un cami\u00f3n transportador de retroexcavadoras habr\u00eda sufrido problemas con sus frenos perdiendo el control del veh\u00edculo de carga, lo que habr\u00eda provocado la ca\u00edda de la retroexcavadora sobre el m\u00f3vil.<\/p>\n\n\n\n<p>Lamentablemente, tras el impacto se report\u00f3 una v\u00edctima fatal, trat\u00e1ndose del conductor del cami\u00f3n involucrado.<\/p>\n\n\n\n<p>Se recomienda tomar rutas alternativas y mantener la precauci\u00f3n. Equipos especializados trabajan en el sitio del suceso para lograr establecer las causas de lo ocurrido.<\/p>\n\n\n\n<p>Noticia en desarrollo.<\/p>\n\n\n\n<p>\ud83d\udcf7 Redes sociales<\/p>\n","protected":false},"excerpt":{"rendered":"<p>Un nuevo accidente de tr\u00e1nsito enluta a las carreteras isle\u00f1as. En esta oportunidad el lugar de los tr\u00e1gicos acontecimientos fue la comuna de Ancud, espec\u00edficamente en la Ruta 5 pasado..<\/p>\n","protected":false},"author":2,"featured_media":7853,"comment_status":"closed","ping_status":"open","sticky":false,"template":"","format":"standard","meta":{"footnotes":""},"categories":[1,28],"tags":[],"class_list":["post-7852","post","type-post","status-publish","format-standard","has-post-thumbnail","hentry","category-acontecer","category-actual"],"rttpg_featured_image_url":{"full":["https:\/\/elconquistadorredloslagos.cl\/test\/wp-content\/uploads\/2025\/02\/img-14.jpg",1920,1080,false],"landscape":["https:\/\/elconquistadorredloslagos.cl\/test\/wp-content\/uploads\/2025\/02\/img-14.jpg",1920,1080,false],"portraits":["https:\/\/elconquistadorredloslagos.cl\/test\/wp-content\/uploads\/2025\/02\/img-14.jpg",1920,1080,false],"thumbnail":["https:\/\/elconquistadorredloslagos.cl\/test\/wp-content\/uploads\/2025\/02\/img-14-150x150.jpg",150,150,true],"medium":["https:\/\/elconquistadorredloslagos.cl\/test\/wp-content\/uploads\/2025\/02\/img-14-300x169.jpg",300,169,true],"large":["https:\/\/elconquistadorredloslagos.cl\/test\/wp-content\/uploads\/2025\/02\/img-14-1024x576.jpg",1024,576,true],"1536x1536":["https:\/\/elconquistadorredloslagos.cl\/test\/wp-content\/uploads\/2025\/02\/img-14-1536x864.jpg",1536,864,true],"2048x2048":["https:\/\/elconquistadorredloslagos.cl\/test\/wp-content\/uploads\/2025\/02\/img-14.jpg",1920,1080,false]},"rttpg_author":{"display_name":"ccardenas","author_link":"https:\/\/elconquistadorredloslagos.cl\/test\/blog\/author\/ccardenas\/"},"rttpg_comment":0,"rttpg_category":"<a href=\"https:\/\/elconquistadorredloslagos.cl\/test\/blog\/category\/actual\/acontecer\/\" rel=\"category tag\">Acontecer<\/a> <a href=\"https:\/\/elconquistadorredloslagos.cl\/test\/blog\/category\/actual\/\" rel=\"category tag\">Actualidad<\/a>","rttpg_excerpt":"Un nuevo accidente de tr\u00e1nsito enluta a las carreteras isle\u00f1as. En esta oportunidad el lugar de los tr\u00e1gicos acontecimientos fue la comuna de Ancud, espec\u00edficamente en la Ruta 5 pasado..","_links":{"self":[{"href":"https:\/\/elconquistadorredloslagos.cl\/test\/wp-json\/wp\/v2\/posts\/7852","targetHints":{"allow":["GET"]}}],"collection":[{"href":"https:\/\/elconquistadorredloslagos.cl\/test\/wp-json\/wp\/v2\/posts"}],"about":[{"href":"https:\/\/elconquistadorredloslagos.cl\/test\/wp-json\/wp\/v2\/types\/post"}],"author":[{"embeddable":true,"href":"https:\/\/elconquistadorredloslagos.cl\/test\/wp-json\/wp\/v2\/users\/2"}],"replies":[{"embeddable":true,"href":"https:\/\/elconquistadorredloslagos.cl\/test\/wp-json\/wp\/v2\/comments?post=7852"}],"version-history":[{"count":1,"href":"https:\/\/elconquistadorredloslagos.cl\/test\/wp-json\/wp\/v2\/posts\/7852\/revisions"}],"predecessor-version":[{"id":7854,"href":"https:\/\/elconquistadorredloslagos.cl\/test\/wp-json\/wp\/v2\/posts\/7852\/revisions\/7854"}],"wp:featuredmedia":[{"embeddable":true,"href":"https:\/\/elconquistadorredloslagos.cl\/test\/wp-json\/wp\/v2\/media\/7853"}],"wp:attachment":[{"href":"https:\/\/elconquistadorredloslagos.cl\/test\/wp-json\/wp\/v2\/media?parent=7852"}],"wp:term":[{"taxonomy":"category","embeddable":true,"href":"https:\/\/elconquistadorredloslagos.cl\/test\/wp-json\/wp\/v2\/categories?post=7852"},{"taxonomy":"post_tag","embeddable":true,"href":"https:\/\/elconquistadorredloslagos.cl\/test\/wp-json\/wp\/v2\/tags?post=7852"}],"curies":[{"name":"wp","href":"https:\/\/api.w.org\/{rel}","templated":true}]}}