{"id":7849,"date":"2025-02-28T11:57:55","date_gmt":"2025-02-28T14:57:55","guid":{"rendered":"https:\/\/elconquistadorredloslagos.cl\/test\/?p=7849"},"modified":"2025-02-28T11:57:56","modified_gmt":"2025-02-28T14:57:56","slug":"presidente-boric-por-apagon-nadie-puede-pretender-culpar-al-estado-por-redito-politico-de-una-responsabilidad-que-tiene-nombre-y-apellido","status":"publish","type":"post","link":"https:\/\/elconquistadorredloslagos.cl\/test\/blog\/2025\/02\/28\/presidente-boric-por-apagon-nadie-puede-pretender-culpar-al-estado-por-redito-politico-de-una-responsabilidad-que-tiene-nombre-y-apellido\/","title":{"rendered":"Presidente Boric por apag\u00f3n: \u201cnadie puede pretender culpar al Estado por r\u00e9dito pol\u00edtico de una responsabilidad que tiene nombre y apellido\u201d"},"content":{"rendered":"\n<p>Siguen los coletazos del masivo corte de luz que dej\u00f3 sin el suministro por largas horas a 14 regiones del pa\u00eds y que solo en la Regi\u00f3n de Los Lagos afect\u00f3 a cerca de 400 mil personas.<\/p>\n\n\n\n<p>En este contexto, el Presidente Gabriel Boric volvi\u00f3 a lanzar sus dardos en contra las empresas el\u00e9ctricas, reiterando sus intenciones de que las compa\u00f1\u00edas se hagan cargo de su papel en el apag\u00f3n.<\/p>\n\n\n\n<p>Declaraciones que dej\u00f3 de manifiesto en el comienzo del primer consejo de gabinete del a\u00f1o, instancia que contin\u00faa durante la jornada de este viernes en el Palacio de La Moneda.<\/p>\n\n\n\n<p>El mandatario fue enf\u00e1tico al se\u00f1alar que har\u00e1 valer las responsabilidades de las empresas: \u201cnadie puede pretender culpar al Estado por r\u00e9dito pol\u00edtico de una responsabilidad que tiene nombre y apellido. Se va a fiscalizar, a estudiar, y se va a hacer valer esa responsabilidad\u201d, apunt\u00f3.<\/p>\n\n\n\n<p>Asimismo, desde el Servicio Nacional del Consumidor (Sernac) y la Superintendencia de Electricidad y Combustibles (SEC) se han estado recepcionando reclamos de aquellos clientes m\u00e1s perjudicados por el mega <em>black out<\/em> chileno.<\/p>\n","protected":false},"excerpt":{"rendered":"<p>Siguen los coletazos del masivo corte de luz que dej\u00f3 sin el suministro por largas horas a 14 regiones del pa\u00eds y que solo en la Regi\u00f3n de Los Lagos..<\/p>\n","protected":false},"author":2,"featured_media":7850,"comment_status":"closed","ping_status":"open","sticky":false,"template":"","format":"standard","meta":{"footnotes":""},"categories":[1,28],"tags":[],"class_list":["post-7849","post","type-post","status-publish","format-standard","has-post-thumbnail","hentry","category-acontecer","category-actual"],"rttpg_featured_image_url":{"full":["https:\/\/elconquistadorredloslagos.cl\/test\/wp-content\/uploads\/2025\/02\/img-13.jpg",1920,1080,false],"landscape":["https:\/\/elconquistadorredloslagos.cl\/test\/wp-content\/uploads\/2025\/02\/img-13.jpg",1920,1080,false],"portraits":["https:\/\/elconquistadorredloslagos.cl\/test\/wp-content\/uploads\/2025\/02\/img-13.jpg",1920,1080,false],"thumbnail":["https:\/\/elconquistadorredloslagos.cl\/test\/wp-content\/uploads\/2025\/02\/img-13-150x150.jpg",150,150,true],"medium":["https:\/\/elconquistadorredloslagos.cl\/test\/wp-content\/uploads\/2025\/02\/img-13-300x169.jpg",300,169,true],"large":["https:\/\/elconquistadorredloslagos.cl\/test\/wp-content\/uploads\/2025\/02\/img-13-1024x576.jpg",1024,576,true],"1536x1536":["https:\/\/elconquistadorredloslagos.cl\/test\/wp-content\/uploads\/2025\/02\/img-13-1536x864.jpg",1536,864,true],"2048x2048":["https:\/\/elconquistadorredloslagos.cl\/test\/wp-content\/uploads\/2025\/02\/img-13.jpg",1920,1080,false]},"rttpg_author":{"display_name":"ccardenas","author_link":"https:\/\/elconquistadorredloslagos.cl\/test\/blog\/author\/ccardenas\/"},"rttpg_comment":0,"rttpg_category":"<a href=\"https:\/\/elconquistadorredloslagos.cl\/test\/blog\/category\/actual\/acontecer\/\" rel=\"category tag\">Acontecer<\/a> <a href=\"https:\/\/elconquistadorredloslagos.cl\/test\/blog\/category\/actual\/\" rel=\"category tag\">Actualidad<\/a>","rttpg_excerpt":"Siguen los coletazos del masivo corte de luz que dej\u00f3 sin el suministro por largas horas a 14 regiones del pa\u00eds y que solo en la Regi\u00f3n de Los Lagos..","_links":{"self":[{"href":"https:\/\/elconquistadorredloslagos.cl\/test\/wp-json\/wp\/v2\/posts\/7849","targetHints":{"allow":["GET"]}}],"collection":[{"href":"https:\/\/elconquistadorredloslagos.cl\/test\/wp-json\/wp\/v2\/posts"}],"about":[{"href":"https:\/\/elconquistadorredloslagos.cl\/test\/wp-json\/wp\/v2\/types\/post"}],"author":[{"embeddable":true,"href":"https:\/\/elconquistadorredloslagos.cl\/test\/wp-json\/wp\/v2\/users\/2"}],"replies":[{"embeddable":true,"href":"https:\/\/elconquistadorredloslagos.cl\/test\/wp-json\/wp\/v2\/comments?post=7849"}],"version-history":[{"count":1,"href":"https:\/\/elconquistadorredloslagos.cl\/test\/wp-json\/wp\/v2\/posts\/7849\/revisions"}],"predecessor-version":[{"id":7851,"href":"https:\/\/elconquistadorredloslagos.cl\/test\/wp-json\/wp\/v2\/posts\/7849\/revisions\/7851"}],"wp:featuredmedia":[{"embeddable":true,"href":"https:\/\/elconquistadorredloslagos.cl\/test\/wp-json\/wp\/v2\/media\/7850"}],"wp:attachment":[{"href":"https:\/\/elconquistadorredloslagos.cl\/test\/wp-json\/wp\/v2\/media?parent=7849"}],"wp:term":[{"taxonomy":"category","embeddable":true,"href":"https:\/\/elconquistadorredloslagos.cl\/test\/wp-json\/wp\/v2\/categories?post=7849"},{"taxonomy":"post_tag","embeddable":true,"href":"https:\/\/elconquistadorredloslagos.cl\/test\/wp-json\/wp\/v2\/tags?post=7849"}],"curies":[{"name":"wp","href":"https:\/\/api.w.org\/{rel}","templated":true}]}}