{"id":7845,"date":"2025-02-28T11:22:49","date_gmt":"2025-02-28T14:22:49","guid":{"rendered":"https:\/\/elconquistadorredloslagos.cl\/test\/?p=7845"},"modified":"2025-02-28T11:22:50","modified_gmt":"2025-02-28T14:22:50","slug":"fatal-accidente-termina-con-dos-personas-muertas-en-ruta-que-une-paillaco-con-valdivia","status":"publish","type":"post","link":"https:\/\/elconquistadorredloslagos.cl\/test\/blog\/2025\/02\/28\/fatal-accidente-termina-con-dos-personas-muertas-en-ruta-que-une-paillaco-con-valdivia\/","title":{"rendered":"Fatal accidente termina con dos personas muertas en ruta que une Paillaco con Valdivia"},"content":{"rendered":"\n<p>Durante la ma\u00f1ana de este viernes se produjo un fatal accidente en el sector de Cuesta Cero en la ruta T-206 que une Paillaco con Valdivia que dej\u00f3 un saldo de dos muertos, generando gran congesti\u00f3n vehicular.<\/p>\n\n\n\n<p>Pese a que las causas del accidente est\u00e1n siendo investigadas, se ha informado que se trat\u00f3 de una colisi\u00f3n frontal de dos veh\u00edculos menores con posterior volcamiento. Junto a las dos personas fallecidas, ambos adultos mayores de sexo masculino, otras cuatro personas resultaron lesionadas.<\/p>\n\n\n\n<p>Los tr\u00e1gicos hechos fueron ratificados por el teniente Waldo Avenda\u00f1o, subcomisario de Carabineros de Paillaco.<\/p>\n\n\n\n<figure class=\"wp-block-video\"><video height=\"400\" style=\"aspect-ratio: 720 \/ 400;\" width=\"720\" controls src=\"https:\/\/elconquistadorredloslagos.cl\/test\/wp-content\/uploads\/2025\/02\/walter-video-converter.com_.mp4\"><\/video><\/figure>\n\n\n\n<p>Personal de la Secci\u00f3n de Investigaci\u00f3n de Accidentes en el Tr\u00e1nsito (SIAT) de Carabineros, queda a cargo de las investigaci\u00f3n para dar claridad a c\u00f3mo sucedi\u00f3 el fatal accidente.<\/p>\n\n\n\n<p>\ud83d\udcf7 @InformaAlMinuto &#8211; X<\/p>\n","protected":false},"excerpt":{"rendered":"<p>Durante la ma\u00f1ana de este viernes se produjo un fatal accidente en el sector de Cuesta Cero en la ruta T-206 que une Paillaco con Valdivia que dej\u00f3 un saldo..<\/p>\n","protected":false},"author":2,"featured_media":7847,"comment_status":"closed","ping_status":"open","sticky":false,"template":"","format":"standard","meta":{"footnotes":""},"categories":[1,28],"tags":[],"class_list":["post-7845","post","type-post","status-publish","format-standard","has-post-thumbnail","hentry","category-acontecer","category-actual"],"rttpg_featured_image_url":{"full":["https:\/\/elconquistadorredloslagos.cl\/test\/wp-content\/uploads\/2025\/02\/img-12.jpg",1920,1080,false],"landscape":["https:\/\/elconquistadorredloslagos.cl\/test\/wp-content\/uploads\/2025\/02\/img-12.jpg",1920,1080,false],"portraits":["https:\/\/elconquistadorredloslagos.cl\/test\/wp-content\/uploads\/2025\/02\/img-12.jpg",1920,1080,false],"thumbnail":["https:\/\/elconquistadorredloslagos.cl\/test\/wp-content\/uploads\/2025\/02\/img-12-150x150.jpg",150,150,true],"medium":["https:\/\/elconquistadorredloslagos.cl\/test\/wp-content\/uploads\/2025\/02\/img-12-300x169.jpg",300,169,true],"large":["https:\/\/elconquistadorredloslagos.cl\/test\/wp-content\/uploads\/2025\/02\/img-12-1024x576.jpg",1024,576,true],"1536x1536":["https:\/\/elconquistadorredloslagos.cl\/test\/wp-content\/uploads\/2025\/02\/img-12-1536x864.jpg",1536,864,true],"2048x2048":["https:\/\/elconquistadorredloslagos.cl\/test\/wp-content\/uploads\/2025\/02\/img-12.jpg",1920,1080,false]},"rttpg_author":{"display_name":"ccardenas","author_link":"https:\/\/elconquistadorredloslagos.cl\/test\/blog\/author\/ccardenas\/"},"rttpg_comment":0,"rttpg_category":"<a href=\"https:\/\/elconquistadorredloslagos.cl\/test\/blog\/category\/actual\/acontecer\/\" rel=\"category tag\">Acontecer<\/a> <a href=\"https:\/\/elconquistadorredloslagos.cl\/test\/blog\/category\/actual\/\" rel=\"category tag\">Actualidad<\/a>","rttpg_excerpt":"Durante la ma\u00f1ana de este viernes se produjo un fatal accidente en el sector de Cuesta Cero en la ruta T-206 que une Paillaco con Valdivia que dej\u00f3 un saldo..","_links":{"self":[{"href":"https:\/\/elconquistadorredloslagos.cl\/test\/wp-json\/wp\/v2\/posts\/7845","targetHints":{"allow":["GET"]}}],"collection":[{"href":"https:\/\/elconquistadorredloslagos.cl\/test\/wp-json\/wp\/v2\/posts"}],"about":[{"href":"https:\/\/elconquistadorredloslagos.cl\/test\/wp-json\/wp\/v2\/types\/post"}],"author":[{"embeddable":true,"href":"https:\/\/elconquistadorredloslagos.cl\/test\/wp-json\/wp\/v2\/users\/2"}],"replies":[{"embeddable":true,"href":"https:\/\/elconquistadorredloslagos.cl\/test\/wp-json\/wp\/v2\/comments?post=7845"}],"version-history":[{"count":1,"href":"https:\/\/elconquistadorredloslagos.cl\/test\/wp-json\/wp\/v2\/posts\/7845\/revisions"}],"predecessor-version":[{"id":7848,"href":"https:\/\/elconquistadorredloslagos.cl\/test\/wp-json\/wp\/v2\/posts\/7845\/revisions\/7848"}],"wp:featuredmedia":[{"embeddable":true,"href":"https:\/\/elconquistadorredloslagos.cl\/test\/wp-json\/wp\/v2\/media\/7847"}],"wp:attachment":[{"href":"https:\/\/elconquistadorredloslagos.cl\/test\/wp-json\/wp\/v2\/media?parent=7845"}],"wp:term":[{"taxonomy":"category","embeddable":true,"href":"https:\/\/elconquistadorredloslagos.cl\/test\/wp-json\/wp\/v2\/categories?post=7845"},{"taxonomy":"post_tag","embeddable":true,"href":"https:\/\/elconquistadorredloslagos.cl\/test\/wp-json\/wp\/v2\/tags?post=7845"}],"curies":[{"name":"wp","href":"https:\/\/api.w.org\/{rel}","templated":true}]}}