{"id":7842,"date":"2025-02-28T10:54:22","date_gmt":"2025-02-28T13:54:22","guid":{"rendered":"https:\/\/elconquistadorredloslagos.cl\/test\/?p=7842"},"modified":"2025-02-28T10:54:22","modified_gmt":"2025-02-28T13:54:22","slug":"dos-casas-destruidas-y-danos-en-una-tercera-vivienda-fue-el-saldo-de-un-incendio-en-puerto-montt","status":"publish","type":"post","link":"https:\/\/elconquistadorredloslagos.cl\/test\/blog\/2025\/02\/28\/dos-casas-destruidas-y-danos-en-una-tercera-vivienda-fue-el-saldo-de-un-incendio-en-puerto-montt\/","title":{"rendered":"Dos casas destruidas y da\u00f1os en una tercera vivienda fue el saldo de un incendio en Puerto Montt"},"content":{"rendered":"\n<p>Dos viviendas completamente destruidas y una tercera con da\u00f1os parciales, dej\u00f3 un violento incendio durante las \u00faltimas horas en la ciudad de Puerto Montt.<\/p>\n\n\n\n<p>El llamado de emergencia situaba como lugar de los hechos avenida Presidente Ib\u00e1\u00f1ez con La Uni\u00f3n en la capital regional, hasta donde lleg\u00f3 personal de bomberos para trabajar en la extinci\u00f3n de llamas.<\/p>\n\n\n\n<p>Tras horas de trabajo, se logr\u00f3 controlar el siniestro en donde afortunadamente no hubo personas lesionadas en esta emergencia.<\/p>\n\n\n\n<p>Equipos especializados se encuentran realizando los peritajes correspondientes para establecer las causas basales del inicio del fuego.<\/p>\n\n\n\n<p>\ud83d\udcf7 Redes sociales<\/p>\n","protected":false},"excerpt":{"rendered":"<p>Dos viviendas completamente destruidas y una tercera con da\u00f1os parciales, dej\u00f3 un violento incendio durante las \u00faltimas horas en la ciudad de Puerto Montt. El llamado de emergencia situaba como..<\/p>\n","protected":false},"author":2,"featured_media":7843,"comment_status":"closed","ping_status":"open","sticky":false,"template":"","format":"standard","meta":{"footnotes":""},"categories":[1,28],"tags":[],"class_list":["post-7842","post","type-post","status-publish","format-standard","has-post-thumbnail","hentry","category-acontecer","category-actual"],"rttpg_featured_image_url":{"full":["https:\/\/elconquistadorredloslagos.cl\/test\/wp-content\/uploads\/2025\/02\/img-11.jpg",1920,1080,false],"landscape":["https:\/\/elconquistadorredloslagos.cl\/test\/wp-content\/uploads\/2025\/02\/img-11.jpg",1920,1080,false],"portraits":["https:\/\/elconquistadorredloslagos.cl\/test\/wp-content\/uploads\/2025\/02\/img-11.jpg",1920,1080,false],"thumbnail":["https:\/\/elconquistadorredloslagos.cl\/test\/wp-content\/uploads\/2025\/02\/img-11-150x150.jpg",150,150,true],"medium":["https:\/\/elconquistadorredloslagos.cl\/test\/wp-content\/uploads\/2025\/02\/img-11-300x169.jpg",300,169,true],"large":["https:\/\/elconquistadorredloslagos.cl\/test\/wp-content\/uploads\/2025\/02\/img-11-1024x576.jpg",1024,576,true],"1536x1536":["https:\/\/elconquistadorredloslagos.cl\/test\/wp-content\/uploads\/2025\/02\/img-11-1536x864.jpg",1536,864,true],"2048x2048":["https:\/\/elconquistadorredloslagos.cl\/test\/wp-content\/uploads\/2025\/02\/img-11.jpg",1920,1080,false]},"rttpg_author":{"display_name":"ccardenas","author_link":"https:\/\/elconquistadorredloslagos.cl\/test\/blog\/author\/ccardenas\/"},"rttpg_comment":0,"rttpg_category":"<a href=\"https:\/\/elconquistadorredloslagos.cl\/test\/blog\/category\/actual\/acontecer\/\" rel=\"category tag\">Acontecer<\/a> <a href=\"https:\/\/elconquistadorredloslagos.cl\/test\/blog\/category\/actual\/\" rel=\"category tag\">Actualidad<\/a>","rttpg_excerpt":"Dos viviendas completamente destruidas y una tercera con da\u00f1os parciales, dej\u00f3 un violento incendio durante las \u00faltimas horas en la ciudad de Puerto Montt. El llamado de emergencia situaba como..","_links":{"self":[{"href":"https:\/\/elconquistadorredloslagos.cl\/test\/wp-json\/wp\/v2\/posts\/7842","targetHints":{"allow":["GET"]}}],"collection":[{"href":"https:\/\/elconquistadorredloslagos.cl\/test\/wp-json\/wp\/v2\/posts"}],"about":[{"href":"https:\/\/elconquistadorredloslagos.cl\/test\/wp-json\/wp\/v2\/types\/post"}],"author":[{"embeddable":true,"href":"https:\/\/elconquistadorredloslagos.cl\/test\/wp-json\/wp\/v2\/users\/2"}],"replies":[{"embeddable":true,"href":"https:\/\/elconquistadorredloslagos.cl\/test\/wp-json\/wp\/v2\/comments?post=7842"}],"version-history":[{"count":1,"href":"https:\/\/elconquistadorredloslagos.cl\/test\/wp-json\/wp\/v2\/posts\/7842\/revisions"}],"predecessor-version":[{"id":7844,"href":"https:\/\/elconquistadorredloslagos.cl\/test\/wp-json\/wp\/v2\/posts\/7842\/revisions\/7844"}],"wp:featuredmedia":[{"embeddable":true,"href":"https:\/\/elconquistadorredloslagos.cl\/test\/wp-json\/wp\/v2\/media\/7843"}],"wp:attachment":[{"href":"https:\/\/elconquistadorredloslagos.cl\/test\/wp-json\/wp\/v2\/media?parent=7842"}],"wp:term":[{"taxonomy":"category","embeddable":true,"href":"https:\/\/elconquistadorredloslagos.cl\/test\/wp-json\/wp\/v2\/categories?post=7842"},{"taxonomy":"post_tag","embeddable":true,"href":"https:\/\/elconquistadorredloslagos.cl\/test\/wp-json\/wp\/v2\/tags?post=7842"}],"curies":[{"name":"wp","href":"https:\/\/api.w.org\/{rel}","templated":true}]}}