{"id":7837,"date":"2025-02-28T09:47:19","date_gmt":"2025-02-28T12:47:19","guid":{"rendered":"https:\/\/elconquistadorredloslagos.cl\/test\/?p=7837"},"modified":"2025-02-28T09:47:20","modified_gmt":"2025-02-28T12:47:20","slug":"pronostican-tormentas-electricas-para-hoy-viernes-entre-nuble-y-los-lagos","status":"publish","type":"post","link":"https:\/\/elconquistadorredloslagos.cl\/test\/blog\/2025\/02\/28\/pronostican-tormentas-electricas-para-hoy-viernes-entre-nuble-y-los-lagos\/","title":{"rendered":"Pronostican tormentas el\u00e9ctricas para hoy viernes entre \u00d1uble y Los Lagos"},"content":{"rendered":"\n<p>La Direcci\u00f3n Meteorol\u00f3gica de Chile emiti\u00f3 un aviso por tormentas el\u00e9ctricas para este viernes 28 de febrero, afectando a la cordillera de la regi\u00f3n de Los Lagos y otras zonas de Los R\u00edos, La Araucan\u00eda, B\u00edo B\u00edo y \u00d1uble.<\/p>\n\n\n\n<p>El fen\u00f3meno, asociado a una condici\u00f3n de inestabilidad atmosf\u00e9rica, se extender\u00e1 desde la tarde hasta la noche del viernes. Adem\u00e1s, se prev\u00e9n precipitaciones aisladas en algunas zonas.<\/p>\n\n\n\n<p>Las tormentas impactar\u00e1n la cordillera de Los Lagos, mientras que en Los R\u00edos y La Araucan\u00eda abarcar\u00e1n el valle, la precordillera y la cordillera. En el B\u00edo B\u00edo, la afectaci\u00f3n ser\u00e1 m\u00e1s amplia, incluyendo el litoral, la cordillera de la Costa, el valle, la precordillera y la cordillera. En \u00d1uble, el evento se limitar\u00e1 a la precordillera y la cordillera.<\/p>\n\n\n\n<p>\ud83d\udcf7 Referencial<\/p>\n","protected":false},"excerpt":{"rendered":"<p>La Direcci\u00f3n Meteorol\u00f3gica de Chile emiti\u00f3 un aviso por tormentas el\u00e9ctricas para este viernes 28 de febrero, afectando a la cordillera de la regi\u00f3n de Los Lagos y otras zonas..<\/p>\n","protected":false},"author":2,"featured_media":7835,"comment_status":"closed","ping_status":"open","sticky":false,"template":"","format":"standard","meta":{"footnotes":""},"categories":[1,28],"tags":[],"class_list":["post-7837","post","type-post","status-publish","format-standard","has-post-thumbnail","hentry","category-acontecer","category-actual"],"rttpg_featured_image_url":{"full":["https:\/\/elconquistadorredloslagos.cl\/test\/wp-content\/uploads\/2025\/02\/img-9.jpg",1920,1080,false],"landscape":["https:\/\/elconquistadorredloslagos.cl\/test\/wp-content\/uploads\/2025\/02\/img-9.jpg",1920,1080,false],"portraits":["https:\/\/elconquistadorredloslagos.cl\/test\/wp-content\/uploads\/2025\/02\/img-9.jpg",1920,1080,false],"thumbnail":["https:\/\/elconquistadorredloslagos.cl\/test\/wp-content\/uploads\/2025\/02\/img-9-150x150.jpg",150,150,true],"medium":["https:\/\/elconquistadorredloslagos.cl\/test\/wp-content\/uploads\/2025\/02\/img-9-300x169.jpg",300,169,true],"large":["https:\/\/elconquistadorredloslagos.cl\/test\/wp-content\/uploads\/2025\/02\/img-9-1024x576.jpg",1024,576,true],"1536x1536":["https:\/\/elconquistadorredloslagos.cl\/test\/wp-content\/uploads\/2025\/02\/img-9-1536x864.jpg",1536,864,true],"2048x2048":["https:\/\/elconquistadorredloslagos.cl\/test\/wp-content\/uploads\/2025\/02\/img-9.jpg",1920,1080,false]},"rttpg_author":{"display_name":"ccardenas","author_link":"https:\/\/elconquistadorredloslagos.cl\/test\/blog\/author\/ccardenas\/"},"rttpg_comment":0,"rttpg_category":"<a href=\"https:\/\/elconquistadorredloslagos.cl\/test\/blog\/category\/actual\/acontecer\/\" rel=\"category tag\">Acontecer<\/a> <a href=\"https:\/\/elconquistadorredloslagos.cl\/test\/blog\/category\/actual\/\" rel=\"category tag\">Actualidad<\/a>","rttpg_excerpt":"La Direcci\u00f3n Meteorol\u00f3gica de Chile emiti\u00f3 un aviso por tormentas el\u00e9ctricas para este viernes 28 de febrero, afectando a la cordillera de la regi\u00f3n de Los Lagos y otras zonas..","_links":{"self":[{"href":"https:\/\/elconquistadorredloslagos.cl\/test\/wp-json\/wp\/v2\/posts\/7837","targetHints":{"allow":["GET"]}}],"collection":[{"href":"https:\/\/elconquistadorredloslagos.cl\/test\/wp-json\/wp\/v2\/posts"}],"about":[{"href":"https:\/\/elconquistadorredloslagos.cl\/test\/wp-json\/wp\/v2\/types\/post"}],"author":[{"embeddable":true,"href":"https:\/\/elconquistadorredloslagos.cl\/test\/wp-json\/wp\/v2\/users\/2"}],"replies":[{"embeddable":true,"href":"https:\/\/elconquistadorredloslagos.cl\/test\/wp-json\/wp\/v2\/comments?post=7837"}],"version-history":[{"count":1,"href":"https:\/\/elconquistadorredloslagos.cl\/test\/wp-json\/wp\/v2\/posts\/7837\/revisions"}],"predecessor-version":[{"id":7838,"href":"https:\/\/elconquistadorredloslagos.cl\/test\/wp-json\/wp\/v2\/posts\/7837\/revisions\/7838"}],"wp:featuredmedia":[{"embeddable":true,"href":"https:\/\/elconquistadorredloslagos.cl\/test\/wp-json\/wp\/v2\/media\/7835"}],"wp:attachment":[{"href":"https:\/\/elconquistadorredloslagos.cl\/test\/wp-json\/wp\/v2\/media?parent=7837"}],"wp:term":[{"taxonomy":"category","embeddable":true,"href":"https:\/\/elconquistadorredloslagos.cl\/test\/wp-json\/wp\/v2\/categories?post=7837"},{"taxonomy":"post_tag","embeddable":true,"href":"https:\/\/elconquistadorredloslagos.cl\/test\/wp-json\/wp\/v2\/tags?post=7837"}],"curies":[{"name":"wp","href":"https:\/\/api.w.org\/{rel}","templated":true}]}}