{"id":7557,"date":"2025-02-19T15:33:06","date_gmt":"2025-02-19T18:33:06","guid":{"rendered":"https:\/\/elconquistadorredloslagos.cl\/test\/?p=7557"},"modified":"2025-02-19T15:33:07","modified_gmt":"2025-02-19T18:33:07","slug":"sismo-de-menor-intensidad-se-sintio-en-chiloe","status":"publish","type":"post","link":"https:\/\/elconquistadorredloslagos.cl\/test\/blog\/2025\/02\/19\/sismo-de-menor-intensidad-se-sintio-en-chiloe\/","title":{"rendered":"Sismo de menor intensidad se sinti\u00f3 en Chilo\u00e9"},"content":{"rendered":"\n<p>Un sismo de magnitud 3,1 ocurri\u00f3 en la provincia de Chilo\u00e9, con epicentro a 15 kil\u00f3metros al oeste de la ciudad Castro. <\/p>\n\n\n\n<p>El evento s\u00edsmico, que se registr\u00f3 a las 08:29 horas de este mi\u00e9rcoles, tuvo una profundidad de 37,5 kil\u00f3metros. <\/p>\n\n\n\n<p>Seg\u00fan el Centro Sismol\u00f3gico Nacional, las coordenadas del sismo fueron latitud -42,43 y longitud -73,94. <\/p>\n\n\n\n<p>Pese al temblor, el Servicio Nacional de  Prevenci\u00f3n  y Respuesta ante Desastres  (Senapred) no ha reportado da\u00f1os a personas, infraestructuras ni alteraciones en los servicios b\u00e1sicos. <\/p>\n\n\n\n<p>Se recuerda a la poblaci\u00f3n la importancia de mantenerse informada a trav\u00e9s de los canales oficiales y seguir las recomendaciones en caso de futuras r\u00e9plicas o emergencias s\u00edsmicas. <\/p>\n\n\n\n<p><\/p>\n","protected":false},"excerpt":{"rendered":"<p>Un sismo de magnitud 3,1 ocurri\u00f3 en la provincia de Chilo\u00e9, con epicentro a 15 kil\u00f3metros al oeste de la ciudad Castro. El evento s\u00edsmico, que se registr\u00f3 a las..<\/p>\n","protected":false},"author":2,"featured_media":7558,"comment_status":"closed","ping_status":"open","sticky":false,"template":"","format":"standard","meta":{"footnotes":""},"categories":[1,28,30],"tags":[],"class_list":["post-7557","post","type-post","status-publish","format-standard","has-post-thumbnail","hentry","category-acontecer","category-actual","category-opinion"],"rttpg_featured_image_url":{"full":["https:\/\/elconquistadorredloslagos.cl\/test\/wp-content\/uploads\/2025\/02\/Diseno-sin-titulo_20250219_153111_0000.jpg",1920,1080,false],"landscape":["https:\/\/elconquistadorredloslagos.cl\/test\/wp-content\/uploads\/2025\/02\/Diseno-sin-titulo_20250219_153111_0000.jpg",1920,1080,false],"portraits":["https:\/\/elconquistadorredloslagos.cl\/test\/wp-content\/uploads\/2025\/02\/Diseno-sin-titulo_20250219_153111_0000.jpg",1920,1080,false],"thumbnail":["https:\/\/elconquistadorredloslagos.cl\/test\/wp-content\/uploads\/2025\/02\/Diseno-sin-titulo_20250219_153111_0000-150x150.jpg",150,150,true],"medium":["https:\/\/elconquistadorredloslagos.cl\/test\/wp-content\/uploads\/2025\/02\/Diseno-sin-titulo_20250219_153111_0000-300x169.jpg",300,169,true],"large":["https:\/\/elconquistadorredloslagos.cl\/test\/wp-content\/uploads\/2025\/02\/Diseno-sin-titulo_20250219_153111_0000-1024x576.jpg",1024,576,true],"1536x1536":["https:\/\/elconquistadorredloslagos.cl\/test\/wp-content\/uploads\/2025\/02\/Diseno-sin-titulo_20250219_153111_0000-1536x864.jpg",1536,864,true],"2048x2048":["https:\/\/elconquistadorredloslagos.cl\/test\/wp-content\/uploads\/2025\/02\/Diseno-sin-titulo_20250219_153111_0000.jpg",1920,1080,false]},"rttpg_author":{"display_name":"ccardenas","author_link":"https:\/\/elconquistadorredloslagos.cl\/test\/blog\/author\/ccardenas\/"},"rttpg_comment":0,"rttpg_category":"<a href=\"https:\/\/elconquistadorredloslagos.cl\/test\/blog\/category\/actual\/acontecer\/\" rel=\"category tag\">Acontecer<\/a> <a href=\"https:\/\/elconquistadorredloslagos.cl\/test\/blog\/category\/actual\/\" rel=\"category tag\">Actualidad<\/a> <a href=\"https:\/\/elconquistadorredloslagos.cl\/test\/blog\/category\/opinion\/\" rel=\"category tag\">Columnas de Opini\u00f3n<\/a>","rttpg_excerpt":"Un sismo de magnitud 3,1 ocurri\u00f3 en la provincia de Chilo\u00e9, con epicentro a 15 kil\u00f3metros al oeste de la ciudad Castro. El evento s\u00edsmico, que se registr\u00f3 a las..","_links":{"self":[{"href":"https:\/\/elconquistadorredloslagos.cl\/test\/wp-json\/wp\/v2\/posts\/7557","targetHints":{"allow":["GET"]}}],"collection":[{"href":"https:\/\/elconquistadorredloslagos.cl\/test\/wp-json\/wp\/v2\/posts"}],"about":[{"href":"https:\/\/elconquistadorredloslagos.cl\/test\/wp-json\/wp\/v2\/types\/post"}],"author":[{"embeddable":true,"href":"https:\/\/elconquistadorredloslagos.cl\/test\/wp-json\/wp\/v2\/users\/2"}],"replies":[{"embeddable":true,"href":"https:\/\/elconquistadorredloslagos.cl\/test\/wp-json\/wp\/v2\/comments?post=7557"}],"version-history":[{"count":1,"href":"https:\/\/elconquistadorredloslagos.cl\/test\/wp-json\/wp\/v2\/posts\/7557\/revisions"}],"predecessor-version":[{"id":7559,"href":"https:\/\/elconquistadorredloslagos.cl\/test\/wp-json\/wp\/v2\/posts\/7557\/revisions\/7559"}],"wp:featuredmedia":[{"embeddable":true,"href":"https:\/\/elconquistadorredloslagos.cl\/test\/wp-json\/wp\/v2\/media\/7558"}],"wp:attachment":[{"href":"https:\/\/elconquistadorredloslagos.cl\/test\/wp-json\/wp\/v2\/media?parent=7557"}],"wp:term":[{"taxonomy":"category","embeddable":true,"href":"https:\/\/elconquistadorredloslagos.cl\/test\/wp-json\/wp\/v2\/categories?post=7557"},{"taxonomy":"post_tag","embeddable":true,"href":"https:\/\/elconquistadorredloslagos.cl\/test\/wp-json\/wp\/v2\/tags?post=7557"}],"curies":[{"name":"wp","href":"https:\/\/api.w.org\/{rel}","templated":true}]}}