{"id":7554,"date":"2025-02-19T13:45:23","date_gmt":"2025-02-19T16:45:23","guid":{"rendered":"https:\/\/elconquistadorredloslagos.cl\/test\/?p=7554"},"modified":"2025-02-19T13:45:24","modified_gmt":"2025-02-19T16:45:24","slug":"cochamo-incendio-en-patagonia-argentina-alcanzo-territorio-chileno","status":"publish","type":"post","link":"https:\/\/elconquistadorredloslagos.cl\/test\/blog\/2025\/02\/19\/cochamo-incendio-en-patagonia-argentina-alcanzo-territorio-chileno\/","title":{"rendered":"Cocham\u00f3: Incendio en Patagonia argentina alcanz\u00f3 territorio chileno"},"content":{"rendered":"\n<p>Preocupaci\u00f3n ha causado entre la comunidad y autoridades, el incendio forestal que arde desde diciembre en Argentina y que en las \u00faltimas horas se propag\u00f3 a territorio chileno. <\/p>\n\n\n\n<p>Hasta ahora, el siniestro ha consumido m\u00e1s de 11 mil hect\u00e1reas, amenazando zonas pobladas en Cocham\u00f3. Equipos de emergencia trabajan para contener el avance de las llamas con apoyo a\u00e9reo y trabajo preventivo.<\/p>\n\n\n\n<p>Especialistas detallaron que que el incendio alcanz\u00f3 suelo nacional por el Paso el Le\u00f3n, en la comuna de Cocham\u00f3.<\/p>\n\n\n\n<p>La Delegaci\u00f3n Presidencial de Los Lagos, junto a otras entidades como el Servicio Nacional de Prevenci\u00f3n y Respuestas ante Desastres (Senapred) y la Corporaci\u00f3n Nacional Forestal (Conaf), trabajan mancomunadamente para combatir el hecho.<\/p>\n\n\n\n<p>El siniestro denominado El Manzano est\u00e1 a menos 4 kil\u00f3metros de zonas pobladas donde residen 10 personas en cuatro viviendas. <\/p>\n\n\n\n<p>\ud83d\udcf7 Redes sociales <\/p>\n","protected":false},"excerpt":{"rendered":"<p>Preocupaci\u00f3n ha causado entre la comunidad y autoridades, el incendio forestal que arde desde diciembre en Argentina y que en las \u00faltimas horas se propag\u00f3 a territorio chileno. Hasta ahora,..<\/p>\n","protected":false},"author":2,"featured_media":7555,"comment_status":"closed","ping_status":"open","sticky":false,"template":"","format":"standard","meta":{"footnotes":""},"categories":[1,28],"tags":[],"class_list":["post-7554","post","type-post","status-publish","format-standard","has-post-thumbnail","hentry","category-acontecer","category-actual"],"rttpg_featured_image_url":{"full":["https:\/\/elconquistadorredloslagos.cl\/test\/wp-content\/uploads\/2025\/02\/Diseno-sin-titulo_20250219_134312_0000.jpg",1920,1080,false],"landscape":["https:\/\/elconquistadorredloslagos.cl\/test\/wp-content\/uploads\/2025\/02\/Diseno-sin-titulo_20250219_134312_0000.jpg",1920,1080,false],"portraits":["https:\/\/elconquistadorredloslagos.cl\/test\/wp-content\/uploads\/2025\/02\/Diseno-sin-titulo_20250219_134312_0000.jpg",1920,1080,false],"thumbnail":["https:\/\/elconquistadorredloslagos.cl\/test\/wp-content\/uploads\/2025\/02\/Diseno-sin-titulo_20250219_134312_0000-150x150.jpg",150,150,true],"medium":["https:\/\/elconquistadorredloslagos.cl\/test\/wp-content\/uploads\/2025\/02\/Diseno-sin-titulo_20250219_134312_0000-300x169.jpg",300,169,true],"large":["https:\/\/elconquistadorredloslagos.cl\/test\/wp-content\/uploads\/2025\/02\/Diseno-sin-titulo_20250219_134312_0000-1024x576.jpg",1024,576,true],"1536x1536":["https:\/\/elconquistadorredloslagos.cl\/test\/wp-content\/uploads\/2025\/02\/Diseno-sin-titulo_20250219_134312_0000-1536x864.jpg",1536,864,true],"2048x2048":["https:\/\/elconquistadorredloslagos.cl\/test\/wp-content\/uploads\/2025\/02\/Diseno-sin-titulo_20250219_134312_0000.jpg",1920,1080,false]},"rttpg_author":{"display_name":"ccardenas","author_link":"https:\/\/elconquistadorredloslagos.cl\/test\/blog\/author\/ccardenas\/"},"rttpg_comment":0,"rttpg_category":"<a href=\"https:\/\/elconquistadorredloslagos.cl\/test\/blog\/category\/actual\/acontecer\/\" rel=\"category tag\">Acontecer<\/a> <a href=\"https:\/\/elconquistadorredloslagos.cl\/test\/blog\/category\/actual\/\" rel=\"category tag\">Actualidad<\/a>","rttpg_excerpt":"Preocupaci\u00f3n ha causado entre la comunidad y autoridades, el incendio forestal que arde desde diciembre en Argentina y que en las \u00faltimas horas se propag\u00f3 a territorio chileno. Hasta ahora,..","_links":{"self":[{"href":"https:\/\/elconquistadorredloslagos.cl\/test\/wp-json\/wp\/v2\/posts\/7554","targetHints":{"allow":["GET"]}}],"collection":[{"href":"https:\/\/elconquistadorredloslagos.cl\/test\/wp-json\/wp\/v2\/posts"}],"about":[{"href":"https:\/\/elconquistadorredloslagos.cl\/test\/wp-json\/wp\/v2\/types\/post"}],"author":[{"embeddable":true,"href":"https:\/\/elconquistadorredloslagos.cl\/test\/wp-json\/wp\/v2\/users\/2"}],"replies":[{"embeddable":true,"href":"https:\/\/elconquistadorredloslagos.cl\/test\/wp-json\/wp\/v2\/comments?post=7554"}],"version-history":[{"count":1,"href":"https:\/\/elconquistadorredloslagos.cl\/test\/wp-json\/wp\/v2\/posts\/7554\/revisions"}],"predecessor-version":[{"id":7556,"href":"https:\/\/elconquistadorredloslagos.cl\/test\/wp-json\/wp\/v2\/posts\/7554\/revisions\/7556"}],"wp:featuredmedia":[{"embeddable":true,"href":"https:\/\/elconquistadorredloslagos.cl\/test\/wp-json\/wp\/v2\/media\/7555"}],"wp:attachment":[{"href":"https:\/\/elconquistadorredloslagos.cl\/test\/wp-json\/wp\/v2\/media?parent=7554"}],"wp:term":[{"taxonomy":"category","embeddable":true,"href":"https:\/\/elconquistadorredloslagos.cl\/test\/wp-json\/wp\/v2\/categories?post=7554"},{"taxonomy":"post_tag","embeddable":true,"href":"https:\/\/elconquistadorredloslagos.cl\/test\/wp-json\/wp\/v2\/tags?post=7554"}],"curies":[{"name":"wp","href":"https:\/\/api.w.org\/{rel}","templated":true}]}}