{"id":7515,"date":"2025-02-17T11:58:21","date_gmt":"2025-02-17T14:58:21","guid":{"rendered":"https:\/\/elconquistadorredloslagos.cl\/test\/?p=7515"},"modified":"2025-02-17T11:58:22","modified_gmt":"2025-02-17T14:58:22","slug":"festin-en-el-parque-2025-la-experiencia-gastronomica-y-cultural-que-vuelve-a-sorprender-en-puerto-varas","status":"publish","type":"post","link":"https:\/\/elconquistadorredloslagos.cl\/test\/blog\/2025\/02\/17\/festin-en-el-parque-2025-la-experiencia-gastronomica-y-cultural-que-vuelve-a-sorprender-en-puerto-varas\/","title":{"rendered":"Fest\u00edn en el Parque 2025: La experiencia gastron\u00f3mica y cultural que vuelve a sorprender en Puerto Varas"},"content":{"rendered":"\n<h5 class=\"wp-block-heading\"><em>La magia de Fest\u00edn en el Parque est\u00e1 de regreso, y esta vez promete ser m\u00e1s espectacular que nunca. Los pr\u00f3ximos 22 y 23 de febrero, el ic\u00f3nico Parque Estaci\u00f3n de Puerto Varas volver\u00e1 a convertirse en el escenario del festival gastron\u00f3mico y cultural m\u00e1s importante del sur de Chile.<\/em><\/h5>\n\n\n\n<p><br>Un festival para todos los sentidos Fest\u00edn en el Parque 2025 re\u00fane lo mejor de la gastronom\u00eda, la m\u00fasica, el arte y la comunidad en un entorno al aire libre que invita a disfrutar y compartir. Durante dos jornadas, los asistentes podr\u00e1n deleitarse con una propuesta \u00fanica que incluye:<br>M\u00fasica en vivo: Bandas y artistas destacados que llenan de ritmo y energ\u00eda el lugar<br>Arte y cultura: Talleres, espect\u00e1culos y actividades para todas las edades.<br>Espacios familiares: Un lugar donde grandes y peque\u00f1os encuentran algo \u00fanico pensado para ellos.<br>Cocina en vivo y sabores inolvidables: Chefs presentando lo mejor de la cocina regional y creativa.<\/p>\n\n\n\n<p><br><br>Un festival para toda la familia Ni\u00f1os menores de 5 a\u00f1os y adultos mayores de 70 a\u00f1os tienen entrada gratuita, previa generaci\u00f3n de ticket en la plataforma oficial.<br>Sobre Fest\u00edn en el Parque Desde su primera edici\u00f3n, Fest\u00edn en el Parque ha sido un espacio para celebrar la identidad cultural y gastron\u00f3mica del sur de Chile, atrayendo a miles de asistentes de todas partes del pa\u00eds y el extranjero. Con cada edici\u00f3n, el evento se consolida como un referente de creatividad, sabor y comunidad.<\/p>\n\n\n\n<p><br>Cu\u00e1ndo: 22 y 23 de febrero de 2025.<br>D\u00f3nde: Parque Estaci\u00f3n, Puerto Varas.<br>Horario: Apertura de puertas a las 12:00 y cierre a las 22:00.<br>Entradas: Disponibles en https:\/\/portaldisc.com\/evento\/festinfebrero2025<\/p>\n\n\n\n<p><br>Contacto para prensa: Mar\u00eda Francisca M\u00e9ndez, marketing@festinproducciones.cl<\/p>\n\n\n\n<p>Publicado por E.DelaHoz. Foto Cedida. <\/p>\n","protected":false},"excerpt":{"rendered":"<p>La magia de Fest\u00edn en el Parque est\u00e1 de regreso, y esta vez promete ser m\u00e1s espectacular que nunca. Los pr\u00f3ximos 22 y 23 de febrero, el ic\u00f3nico Parque Estaci\u00f3n..<\/p>\n","protected":false},"author":7,"featured_media":7516,"comment_status":"closed","ping_status":"open","sticky":false,"template":"","format":"standard","meta":{"footnotes":""},"categories":[25,29],"tags":[],"class_list":["post-7515","post","type-post","status-publish","format-standard","has-post-thumbnail","hentry","category-empresas","category-turismo"],"rttpg_featured_image_url":{"full":["https:\/\/elconquistadorredloslagos.cl\/test\/wp-content\/uploads\/2025\/02\/festin-puerto-varas.png",1920,1080,false],"landscape":["https:\/\/elconquistadorredloslagos.cl\/test\/wp-content\/uploads\/2025\/02\/festin-puerto-varas.png",1920,1080,false],"portraits":["https:\/\/elconquistadorredloslagos.cl\/test\/wp-content\/uploads\/2025\/02\/festin-puerto-varas.png",1920,1080,false],"thumbnail":["https:\/\/elconquistadorredloslagos.cl\/test\/wp-content\/uploads\/2025\/02\/festin-puerto-varas-150x150.png",150,150,true],"medium":["https:\/\/elconquistadorredloslagos.cl\/test\/wp-content\/uploads\/2025\/02\/festin-puerto-varas-300x169.png",300,169,true],"large":["https:\/\/elconquistadorredloslagos.cl\/test\/wp-content\/uploads\/2025\/02\/festin-puerto-varas-1024x576.png",1024,576,true],"1536x1536":["https:\/\/elconquistadorredloslagos.cl\/test\/wp-content\/uploads\/2025\/02\/festin-puerto-varas-1536x864.png",1536,864,true],"2048x2048":["https:\/\/elconquistadorredloslagos.cl\/test\/wp-content\/uploads\/2025\/02\/festin-puerto-varas.png",1920,1080,false]},"rttpg_author":{"display_name":"enzodelahoz1988","author_link":"https:\/\/elconquistadorredloslagos.cl\/test\/blog\/author\/enzodelahoz1988\/"},"rttpg_comment":0,"rttpg_category":"<a href=\"https:\/\/elconquistadorredloslagos.cl\/test\/blog\/category\/empresas\/\" rel=\"category tag\">Empresarial<\/a> <a href=\"https:\/\/elconquistadorredloslagos.cl\/test\/blog\/category\/actual\/turismo\/\" rel=\"category tag\">Turismo<\/a>","rttpg_excerpt":"La magia de Fest\u00edn en el Parque est\u00e1 de regreso, y esta vez promete ser m\u00e1s espectacular que nunca. Los pr\u00f3ximos 22 y 23 de febrero, el ic\u00f3nico Parque Estaci\u00f3n..","_links":{"self":[{"href":"https:\/\/elconquistadorredloslagos.cl\/test\/wp-json\/wp\/v2\/posts\/7515","targetHints":{"allow":["GET"]}}],"collection":[{"href":"https:\/\/elconquistadorredloslagos.cl\/test\/wp-json\/wp\/v2\/posts"}],"about":[{"href":"https:\/\/elconquistadorredloslagos.cl\/test\/wp-json\/wp\/v2\/types\/post"}],"author":[{"embeddable":true,"href":"https:\/\/elconquistadorredloslagos.cl\/test\/wp-json\/wp\/v2\/users\/7"}],"replies":[{"embeddable":true,"href":"https:\/\/elconquistadorredloslagos.cl\/test\/wp-json\/wp\/v2\/comments?post=7515"}],"version-history":[{"count":1,"href":"https:\/\/elconquistadorredloslagos.cl\/test\/wp-json\/wp\/v2\/posts\/7515\/revisions"}],"predecessor-version":[{"id":7517,"href":"https:\/\/elconquistadorredloslagos.cl\/test\/wp-json\/wp\/v2\/posts\/7515\/revisions\/7517"}],"wp:featuredmedia":[{"embeddable":true,"href":"https:\/\/elconquistadorredloslagos.cl\/test\/wp-json\/wp\/v2\/media\/7516"}],"wp:attachment":[{"href":"https:\/\/elconquistadorredloslagos.cl\/test\/wp-json\/wp\/v2\/media?parent=7515"}],"wp:term":[{"taxonomy":"category","embeddable":true,"href":"https:\/\/elconquistadorredloslagos.cl\/test\/wp-json\/wp\/v2\/categories?post=7515"},{"taxonomy":"post_tag","embeddable":true,"href":"https:\/\/elconquistadorredloslagos.cl\/test\/wp-json\/wp\/v2\/tags?post=7515"}],"curies":[{"name":"wp","href":"https:\/\/api.w.org\/{rel}","templated":true}]}}