{"id":7431,"date":"2025-02-12T17:13:09","date_gmt":"2025-02-12T20:13:09","guid":{"rendered":"https:\/\/elconquistadorredloslagos.cl\/test\/?p=7431"},"modified":"2025-02-12T17:13:10","modified_gmt":"2025-02-12T20:13:10","slug":"grave-accidente-deja-al-menos-7-personas-lesionadas-en-chiloe","status":"publish","type":"post","link":"https:\/\/elconquistadorredloslagos.cl\/test\/blog\/2025\/02\/12\/grave-accidente-deja-al-menos-7-personas-lesionadas-en-chiloe\/","title":{"rendered":"Grave accidente deja al menos 7 personas lesionadas en Chilo\u00e9"},"content":{"rendered":"\n<p>Al menos 7 personas lesionadas fue el saldo que dej\u00f3 un violento accidente de tr\u00e1nsito que tuvo lugar est\u00e1 tarde en la Ruta 5, a la altura del sector Palomar, en la comuna de Ancud.<\/p>\n\n\n\n<p>Los hechos transcurrieron momentos en que una camioneta y un tractocami\u00f3n de la marca MAN, impactaron de frente.Lo fuerte de del choque dej\u00f3 a estas personas heridas, algunas de ellas de gravedad, seg\u00fan informaci\u00f3n preliminar. <\/p>\n\n\n\n<p>Hasta el lugar arribaron las unidades de emergencia del SAMU, Bomberos, adem\u00e1s del trabajo de Carabineros.Debido a los trabajos en la ruta, est\u00e1 se encuentra cortada, debiendo ser desviados los veh\u00edculos por la ruta interior de Dega\u00f1 hacia Quemchi. <\/p>\n\n\n\n<p>Por ahora los equipos especializados se encuentran desarrollando las indagatorias para establecer la din\u00e1mica del accidente y las responsabilidades.<\/p>\n\n\n\n<p>\ud83d\udcf7 Canal del Sur &#8211; Facebook <\/p>\n\n\n\n<p><\/p>\n","protected":false},"excerpt":{"rendered":"<p>Al menos 7 personas lesionadas fue el saldo que dej\u00f3 un violento accidente de tr\u00e1nsito que tuvo lugar est\u00e1 tarde en la Ruta 5, a la altura del sector Palomar,..<\/p>\n","protected":false},"author":2,"featured_media":7432,"comment_status":"closed","ping_status":"open","sticky":false,"template":"","format":"standard","meta":{"footnotes":""},"categories":[1,28],"tags":[],"class_list":["post-7431","post","type-post","status-publish","format-standard","has-post-thumbnail","hentry","category-acontecer","category-actual"],"rttpg_featured_image_url":{"full":["https:\/\/elconquistadorredloslagos.cl\/test\/wp-content\/uploads\/2025\/02\/Diseno-sin-titulo_20250212_171044_0000.png",1920,1080,false],"landscape":["https:\/\/elconquistadorredloslagos.cl\/test\/wp-content\/uploads\/2025\/02\/Diseno-sin-titulo_20250212_171044_0000.png",1920,1080,false],"portraits":["https:\/\/elconquistadorredloslagos.cl\/test\/wp-content\/uploads\/2025\/02\/Diseno-sin-titulo_20250212_171044_0000.png",1920,1080,false],"thumbnail":["https:\/\/elconquistadorredloslagos.cl\/test\/wp-content\/uploads\/2025\/02\/Diseno-sin-titulo_20250212_171044_0000-150x150.png",150,150,true],"medium":["https:\/\/elconquistadorredloslagos.cl\/test\/wp-content\/uploads\/2025\/02\/Diseno-sin-titulo_20250212_171044_0000-300x169.png",300,169,true],"large":["https:\/\/elconquistadorredloslagos.cl\/test\/wp-content\/uploads\/2025\/02\/Diseno-sin-titulo_20250212_171044_0000-1024x576.png",1024,576,true],"1536x1536":["https:\/\/elconquistadorredloslagos.cl\/test\/wp-content\/uploads\/2025\/02\/Diseno-sin-titulo_20250212_171044_0000-1536x864.png",1536,864,true],"2048x2048":["https:\/\/elconquistadorredloslagos.cl\/test\/wp-content\/uploads\/2025\/02\/Diseno-sin-titulo_20250212_171044_0000.png",1920,1080,false]},"rttpg_author":{"display_name":"ccardenas","author_link":"https:\/\/elconquistadorredloslagos.cl\/test\/blog\/author\/ccardenas\/"},"rttpg_comment":0,"rttpg_category":"<a href=\"https:\/\/elconquistadorredloslagos.cl\/test\/blog\/category\/actual\/acontecer\/\" rel=\"category tag\">Acontecer<\/a> <a href=\"https:\/\/elconquistadorredloslagos.cl\/test\/blog\/category\/actual\/\" rel=\"category tag\">Actualidad<\/a>","rttpg_excerpt":"Al menos 7 personas lesionadas fue el saldo que dej\u00f3 un violento accidente de tr\u00e1nsito que tuvo lugar est\u00e1 tarde en la Ruta 5, a la altura del sector Palomar,..","_links":{"self":[{"href":"https:\/\/elconquistadorredloslagos.cl\/test\/wp-json\/wp\/v2\/posts\/7431","targetHints":{"allow":["GET"]}}],"collection":[{"href":"https:\/\/elconquistadorredloslagos.cl\/test\/wp-json\/wp\/v2\/posts"}],"about":[{"href":"https:\/\/elconquistadorredloslagos.cl\/test\/wp-json\/wp\/v2\/types\/post"}],"author":[{"embeddable":true,"href":"https:\/\/elconquistadorredloslagos.cl\/test\/wp-json\/wp\/v2\/users\/2"}],"replies":[{"embeddable":true,"href":"https:\/\/elconquistadorredloslagos.cl\/test\/wp-json\/wp\/v2\/comments?post=7431"}],"version-history":[{"count":1,"href":"https:\/\/elconquistadorredloslagos.cl\/test\/wp-json\/wp\/v2\/posts\/7431\/revisions"}],"predecessor-version":[{"id":7433,"href":"https:\/\/elconquistadorredloslagos.cl\/test\/wp-json\/wp\/v2\/posts\/7431\/revisions\/7433"}],"wp:featuredmedia":[{"embeddable":true,"href":"https:\/\/elconquistadorredloslagos.cl\/test\/wp-json\/wp\/v2\/media\/7432"}],"wp:attachment":[{"href":"https:\/\/elconquistadorredloslagos.cl\/test\/wp-json\/wp\/v2\/media?parent=7431"}],"wp:term":[{"taxonomy":"category","embeddable":true,"href":"https:\/\/elconquistadorredloslagos.cl\/test\/wp-json\/wp\/v2\/categories?post=7431"},{"taxonomy":"post_tag","embeddable":true,"href":"https:\/\/elconquistadorredloslagos.cl\/test\/wp-json\/wp\/v2\/tags?post=7431"}],"curies":[{"name":"wp","href":"https:\/\/api.w.org\/{rel}","templated":true}]}}