{"id":7127,"date":"2025-01-31T15:12:02","date_gmt":"2025-01-31T18:12:02","guid":{"rendered":"https:\/\/elconquistadorredloslagos.cl\/test\/?p=7127"},"modified":"2025-01-31T15:12:02","modified_gmt":"2025-01-31T18:12:02","slug":"refuerzan-conectividad-maritima-en-el-canal-yal","status":"publish","type":"post","link":"https:\/\/elconquistadorredloslagos.cl\/test\/blog\/2025\/01\/31\/refuerzan-conectividad-maritima-en-el-canal-yal\/","title":{"rendered":"Refuerzan conectividad mar\u00edtima en el canal Yal"},"content":{"rendered":"\n<p>La serem\u00eda de Transportes de Los Lagos confirm\u00f3 la llegada al canal Yal, que conecta la Isla Grande de Chilo\u00e9 con isla Lemuy, de la Barcaza Llacol\u00e9n, la que se incorpora nuevamente al servicio en ese importante paso mar\u00edtimo.<\/p>\n\n\n\n<p>La idea es reforzar la conectividad entre las localidades, permitiendo que la comunidad insular pueda desarrollar sus actividades sin inconvenientes, especialmente en esta temporada en que aumenta sustancialmente el tr\u00e1nsito de veh\u00edculos, dada la presencia de turistas que intentan acceder a esa zona insular de la provincia. As\u00ed lo indic\u00f3 el seremi del ramo, Pablo Joost.<\/p>\n\n\n\n<figure class=\"wp-block-audio\"><audio controls src=\"https:\/\/elconquistadorredloslagos.cl\/test\/wp-content\/uploads\/2025\/01\/CUNA-SEREMI-TRAN.mp3\"><\/audio><\/figure>\n\n\n\n<p>La barcaza arrib\u00f3 proveniente de la regi\u00f3n del B\u00edo-B\u00edo, tal como lo hab\u00eda comunicado la empresa Puelche.<\/p>\n","protected":false},"excerpt":{"rendered":"<p>La serem\u00eda de Transportes de Los Lagos confirm\u00f3 la llegada al canal Yal, que conecta la Isla Grande de Chilo\u00e9 con isla Lemuy, de la Barcaza Llacol\u00e9n, la que se..<\/p>\n","protected":false},"author":2,"featured_media":7129,"comment_status":"closed","ping_status":"open","sticky":false,"template":"","format":"standard","meta":{"footnotes":""},"categories":[1,28,26,29],"tags":[],"class_list":["post-7127","post","type-post","status-publish","format-standard","has-post-thumbnail","hentry","category-acontecer","category-actual","category-comunidad","category-turismo"],"rttpg_featured_image_url":{"full":["https:\/\/elconquistadorredloslagos.cl\/test\/wp-content\/uploads\/2025\/01\/Sin-titulo-1-146.png",1920,1080,false],"landscape":["https:\/\/elconquistadorredloslagos.cl\/test\/wp-content\/uploads\/2025\/01\/Sin-titulo-1-146.png",1920,1080,false],"portraits":["https:\/\/elconquistadorredloslagos.cl\/test\/wp-content\/uploads\/2025\/01\/Sin-titulo-1-146.png",1920,1080,false],"thumbnail":["https:\/\/elconquistadorredloslagos.cl\/test\/wp-content\/uploads\/2025\/01\/Sin-titulo-1-146-150x150.png",150,150,true],"medium":["https:\/\/elconquistadorredloslagos.cl\/test\/wp-content\/uploads\/2025\/01\/Sin-titulo-1-146-300x169.png",300,169,true],"large":["https:\/\/elconquistadorredloslagos.cl\/test\/wp-content\/uploads\/2025\/01\/Sin-titulo-1-146-1024x576.png",1024,576,true],"1536x1536":["https:\/\/elconquistadorredloslagos.cl\/test\/wp-content\/uploads\/2025\/01\/Sin-titulo-1-146-1536x864.png",1536,864,true],"2048x2048":["https:\/\/elconquistadorredloslagos.cl\/test\/wp-content\/uploads\/2025\/01\/Sin-titulo-1-146.png",1920,1080,false]},"rttpg_author":{"display_name":"ccardenas","author_link":"https:\/\/elconquistadorredloslagos.cl\/test\/blog\/author\/ccardenas\/"},"rttpg_comment":0,"rttpg_category":"<a href=\"https:\/\/elconquistadorredloslagos.cl\/test\/blog\/category\/actual\/acontecer\/\" rel=\"category tag\">Acontecer<\/a> <a href=\"https:\/\/elconquistadorredloslagos.cl\/test\/blog\/category\/actual\/\" rel=\"category tag\">Actualidad<\/a> <a href=\"https:\/\/elconquistadorredloslagos.cl\/test\/blog\/category\/comunidad\/\" rel=\"category tag\">Comunidad<\/a> <a href=\"https:\/\/elconquistadorredloslagos.cl\/test\/blog\/category\/actual\/turismo\/\" rel=\"category tag\">Turismo<\/a>","rttpg_excerpt":"La serem\u00eda de Transportes de Los Lagos confirm\u00f3 la llegada al canal Yal, que conecta la Isla Grande de Chilo\u00e9 con isla Lemuy, de la Barcaza Llacol\u00e9n, la que se..","_links":{"self":[{"href":"https:\/\/elconquistadorredloslagos.cl\/test\/wp-json\/wp\/v2\/posts\/7127","targetHints":{"allow":["GET"]}}],"collection":[{"href":"https:\/\/elconquistadorredloslagos.cl\/test\/wp-json\/wp\/v2\/posts"}],"about":[{"href":"https:\/\/elconquistadorredloslagos.cl\/test\/wp-json\/wp\/v2\/types\/post"}],"author":[{"embeddable":true,"href":"https:\/\/elconquistadorredloslagos.cl\/test\/wp-json\/wp\/v2\/users\/2"}],"replies":[{"embeddable":true,"href":"https:\/\/elconquistadorredloslagos.cl\/test\/wp-json\/wp\/v2\/comments?post=7127"}],"version-history":[{"count":1,"href":"https:\/\/elconquistadorredloslagos.cl\/test\/wp-json\/wp\/v2\/posts\/7127\/revisions"}],"predecessor-version":[{"id":7130,"href":"https:\/\/elconquistadorredloslagos.cl\/test\/wp-json\/wp\/v2\/posts\/7127\/revisions\/7130"}],"wp:featuredmedia":[{"embeddable":true,"href":"https:\/\/elconquistadorredloslagos.cl\/test\/wp-json\/wp\/v2\/media\/7129"}],"wp:attachment":[{"href":"https:\/\/elconquistadorredloslagos.cl\/test\/wp-json\/wp\/v2\/media?parent=7127"}],"wp:term":[{"taxonomy":"category","embeddable":true,"href":"https:\/\/elconquistadorredloslagos.cl\/test\/wp-json\/wp\/v2\/categories?post=7127"},{"taxonomy":"post_tag","embeddable":true,"href":"https:\/\/elconquistadorredloslagos.cl\/test\/wp-json\/wp\/v2\/tags?post=7127"}],"curies":[{"name":"wp","href":"https:\/\/api.w.org\/{rel}","templated":true}]}}