{"id":7124,"date":"2025-01-31T15:02:08","date_gmt":"2025-01-31T18:02:08","guid":{"rendered":"https:\/\/elconquistadorredloslagos.cl\/test\/?p=7124"},"modified":"2025-01-31T15:02:09","modified_gmt":"2025-01-31T18:02:09","slug":"junji-inicia-programa-jardines-infantiles-de-verano-2025-en-la-region","status":"publish","type":"post","link":"https:\/\/elconquistadorredloslagos.cl\/test\/blog\/2025\/01\/31\/junji-inicia-programa-jardines-infantiles-de-verano-2025-en-la-region\/","title":{"rendered":"JUNJI inicia programa jardines infantiles de verano 2025 en la regi\u00f3n"},"content":{"rendered":"\n<p>El programa de car\u00e1cter transitorio cuenta con equipos educativos especializados que ofrecen espacios seguros, material did\u00e1ctico y actividades l\u00fadicas al aire libre que potencian el bienestar y los aprendizajes. Todo esto, acompa\u00f1ado de una alimentaci\u00f3n de calidad y saludable.<\/p>\n\n\n\n<p>El director (s) de JUNJI Los Lagos, Carlos Cea Valencia, resalt\u00f3 que \u201cesta instancia son una gran ayuda hacia las familias y a la mujer que durante el periodo estival deben trabajar, es por eso que a\u00f1o tras a\u00f1o hacemos este esfuerzo, en el marco del compromiso institucional y de los equipos educativos con aquellos sectores que presentan mayores necesidades sociales\u201d.<\/p>\n\n\n\n<p>Los establecimientos destinados este a\u00f1o son Lugar de Sol (Puerto Montt), Semillitas Chilotas (Ancud) y Cumbre de Colores (Osorno), en donde los p\u00e1rvulos tienen continuidad en el proceso de educaci\u00f3n parvularia de calidad.<\/p>\n\n\n\n<p>Los jardines infantiles de verano, a trav\u00e9s del programa Vacaciones en M\u00ed Jard\u00edn de Fundaci\u00f3n Integra, y Jard\u00edn Infantil de Verano de JUNJI, ofrecen atenci\u00f3n y espacios de desarrollo integral, en un total de 181 establecimientos, en todas las regiones del pa\u00eds. En el caso de JUNJI, la modalidad se desarrolla del 29 de enero al 26 de febrero.<\/p>\n","protected":false},"excerpt":{"rendered":"<p>El programa de car\u00e1cter transitorio cuenta con equipos educativos especializados que ofrecen espacios seguros, material did\u00e1ctico y actividades l\u00fadicas al aire libre que potencian el bienestar y los aprendizajes. Todo..<\/p>\n","protected":false},"author":2,"featured_media":7125,"comment_status":"closed","ping_status":"open","sticky":false,"template":"","format":"standard","meta":{"footnotes":""},"categories":[1,28],"tags":[],"class_list":["post-7124","post","type-post","status-publish","format-standard","has-post-thumbnail","hentry","category-acontecer","category-actual"],"rttpg_featured_image_url":{"full":["https:\/\/elconquistadorredloslagos.cl\/test\/wp-content\/uploads\/2025\/01\/Sin-titulo-1-145.png",1920,1080,false],"landscape":["https:\/\/elconquistadorredloslagos.cl\/test\/wp-content\/uploads\/2025\/01\/Sin-titulo-1-145.png",1920,1080,false],"portraits":["https:\/\/elconquistadorredloslagos.cl\/test\/wp-content\/uploads\/2025\/01\/Sin-titulo-1-145.png",1920,1080,false],"thumbnail":["https:\/\/elconquistadorredloslagos.cl\/test\/wp-content\/uploads\/2025\/01\/Sin-titulo-1-145-150x150.png",150,150,true],"medium":["https:\/\/elconquistadorredloslagos.cl\/test\/wp-content\/uploads\/2025\/01\/Sin-titulo-1-145-300x169.png",300,169,true],"large":["https:\/\/elconquistadorredloslagos.cl\/test\/wp-content\/uploads\/2025\/01\/Sin-titulo-1-145-1024x576.png",1024,576,true],"1536x1536":["https:\/\/elconquistadorredloslagos.cl\/test\/wp-content\/uploads\/2025\/01\/Sin-titulo-1-145-1536x864.png",1536,864,true],"2048x2048":["https:\/\/elconquistadorredloslagos.cl\/test\/wp-content\/uploads\/2025\/01\/Sin-titulo-1-145.png",1920,1080,false]},"rttpg_author":{"display_name":"ccardenas","author_link":"https:\/\/elconquistadorredloslagos.cl\/test\/blog\/author\/ccardenas\/"},"rttpg_comment":0,"rttpg_category":"<a href=\"https:\/\/elconquistadorredloslagos.cl\/test\/blog\/category\/actual\/acontecer\/\" rel=\"category tag\">Acontecer<\/a> <a href=\"https:\/\/elconquistadorredloslagos.cl\/test\/blog\/category\/actual\/\" rel=\"category tag\">Actualidad<\/a>","rttpg_excerpt":"El programa de car\u00e1cter transitorio cuenta con equipos educativos especializados que ofrecen espacios seguros, material did\u00e1ctico y actividades l\u00fadicas al aire libre que potencian el bienestar y los aprendizajes. Todo..","_links":{"self":[{"href":"https:\/\/elconquistadorredloslagos.cl\/test\/wp-json\/wp\/v2\/posts\/7124","targetHints":{"allow":["GET"]}}],"collection":[{"href":"https:\/\/elconquistadorredloslagos.cl\/test\/wp-json\/wp\/v2\/posts"}],"about":[{"href":"https:\/\/elconquistadorredloslagos.cl\/test\/wp-json\/wp\/v2\/types\/post"}],"author":[{"embeddable":true,"href":"https:\/\/elconquistadorredloslagos.cl\/test\/wp-json\/wp\/v2\/users\/2"}],"replies":[{"embeddable":true,"href":"https:\/\/elconquistadorredloslagos.cl\/test\/wp-json\/wp\/v2\/comments?post=7124"}],"version-history":[{"count":1,"href":"https:\/\/elconquistadorredloslagos.cl\/test\/wp-json\/wp\/v2\/posts\/7124\/revisions"}],"predecessor-version":[{"id":7126,"href":"https:\/\/elconquistadorredloslagos.cl\/test\/wp-json\/wp\/v2\/posts\/7124\/revisions\/7126"}],"wp:featuredmedia":[{"embeddable":true,"href":"https:\/\/elconquistadorredloslagos.cl\/test\/wp-json\/wp\/v2\/media\/7125"}],"wp:attachment":[{"href":"https:\/\/elconquistadorredloslagos.cl\/test\/wp-json\/wp\/v2\/media?parent=7124"}],"wp:term":[{"taxonomy":"category","embeddable":true,"href":"https:\/\/elconquistadorredloslagos.cl\/test\/wp-json\/wp\/v2\/categories?post=7124"},{"taxonomy":"post_tag","embeddable":true,"href":"https:\/\/elconquistadorredloslagos.cl\/test\/wp-json\/wp\/v2\/tags?post=7124"}],"curies":[{"name":"wp","href":"https:\/\/api.w.org\/{rel}","templated":true}]}}