{"id":7113,"date":"2025-01-31T14:40:52","date_gmt":"2025-01-31T17:40:52","guid":{"rendered":"https:\/\/elconquistadorredloslagos.cl\/test\/?p=7113"},"modified":"2025-01-31T14:40:53","modified_gmt":"2025-01-31T17:40:53","slug":"pti-de-la-carne-bovina-continua-su-camino-para-reforzar-el-desarrollo-ganadero-en-los-lagos","status":"publish","type":"post","link":"https:\/\/elconquistadorredloslagos.cl\/test\/blog\/2025\/01\/31\/pti-de-la-carne-bovina-continua-su-camino-para-reforzar-el-desarrollo-ganadero-en-los-lagos\/","title":{"rendered":"PTI de la Carne Bovina contin\u00faa\u00a0su camino para reforzar el desarrollo ganadero en Los Lagos"},"content":{"rendered":"\n<p>Esta semana, en la ciudad de Puerto Varas, se llev\u00f3 a cabo la primera reuni\u00f3n de Gobernanza del a\u00f1o 2025 del Programa Territorial Integrado (PTI) de la Carne Bovina de Los Lagos, un espacio fundamental para coordinar acciones y fortalecer el desarrollo ganadero en la regi\u00f3n.<\/p>\n\n\n\n<p>Impulsado por Corfo Los Lagos, el PTI re\u00fane a un amplio grupo de actores p\u00fablicos y privados, entre ellos la Seremi de Agricultura, la Divisi\u00f3n de Fomento Productivo del Gobierno Regional, INDAP, SAG, ProChile, INIA Remehue, cooperativas, productores, asociaciones gremiales y acad\u00e9micos de la Universidad de Los Lagos. Esta red de colaboraci\u00f3n trabaja en conjunto para potenciar la competitividad del sector y fomentar la innovaci\u00f3n en la cadena de valor de la carne bovina.<\/p>\n\n\n\n<p>Tania Salas, Seremi de Agricultura de Los Lagos, apunt\u00f3 que este 2025 se viene con novedades.<\/p>\n\n\n\n<figure class=\"wp-block-audio\"><audio controls src=\"https:\/\/elconquistadorredloslagos.cl\/test\/wp-content\/uploads\/2025\/01\/Tania-Salas-Seremi-Agricultura-Los-Lagos.mp3\"><\/audio><\/figure>\n\n\n\n<p>Por su parte, David Espinoza, Subdirector de Corfo Los Lagos, coment\u00f3 que se est\u00e1n definiendo actividades dentro de la gobernanza de este Programa Territorial Integrado.<\/p>\n\n\n\n<figure class=\"wp-block-audio\"><audio controls src=\"https:\/\/elconquistadorredloslagos.cl\/test\/wp-content\/uploads\/2025\/01\/David-Espinoza-Subdirector-Corfo-Los-Lagos-1-online-audio-converter.com_.mp3\"><\/audio><\/figure>\n\n\n\n<p>Asimismo, Rodrigo Lav\u00edn, presidente del PTI de la Carne Bovina Los Lagos, se\u00f1al\u00f3 que esta instancia tuvo como objeto evaluar el 2024.<\/p>\n\n\n\n<figure class=\"wp-block-audio\"><audio controls src=\"https:\/\/elconquistadorredloslagos.cl\/test\/wp-content\/uploads\/2025\/01\/Rodrigo-Lavin-Presidente-PTI-Carne-Bovina-Los-Lagos.mp3\"><\/audio><\/figure>\n\n\n\n<p>Con este tipo de encuentros, el PTI de la Carne Bovina reafirma su compromiso con el crecimiento y modernizaci\u00f3n del sector, promoviendo el trabajo conjunto entre distintos actores para fortalecer la ganader\u00eda regional y abrir nuevas oportunidades de desarrollo.<\/p>\n","protected":false},"excerpt":{"rendered":"<p>Esta semana, en la ciudad de Puerto Varas, se llev\u00f3 a cabo la primera reuni\u00f3n de Gobernanza del a\u00f1o 2025 del Programa Territorial Integrado (PTI) de la Carne Bovina de..<\/p>\n","protected":false},"author":2,"featured_media":7118,"comment_status":"closed","ping_status":"open","sticky":false,"template":"","format":"standard","meta":{"footnotes":""},"categories":[1,28,26,25],"tags":[],"class_list":["post-7113","post","type-post","status-publish","format-standard","has-post-thumbnail","hentry","category-acontecer","category-actual","category-comunidad","category-empresas"],"rttpg_featured_image_url":{"full":["https:\/\/elconquistadorredloslagos.cl\/test\/wp-content\/uploads\/2025\/01\/Sin-titulo-1-143.png",1920,1080,false],"landscape":["https:\/\/elconquistadorredloslagos.cl\/test\/wp-content\/uploads\/2025\/01\/Sin-titulo-1-143.png",1920,1080,false],"portraits":["https:\/\/elconquistadorredloslagos.cl\/test\/wp-content\/uploads\/2025\/01\/Sin-titulo-1-143.png",1920,1080,false],"thumbnail":["https:\/\/elconquistadorredloslagos.cl\/test\/wp-content\/uploads\/2025\/01\/Sin-titulo-1-143-150x150.png",150,150,true],"medium":["https:\/\/elconquistadorredloslagos.cl\/test\/wp-content\/uploads\/2025\/01\/Sin-titulo-1-143-300x169.png",300,169,true],"large":["https:\/\/elconquistadorredloslagos.cl\/test\/wp-content\/uploads\/2025\/01\/Sin-titulo-1-143-1024x576.png",1024,576,true],"1536x1536":["https:\/\/elconquistadorredloslagos.cl\/test\/wp-content\/uploads\/2025\/01\/Sin-titulo-1-143-1536x864.png",1536,864,true],"2048x2048":["https:\/\/elconquistadorredloslagos.cl\/test\/wp-content\/uploads\/2025\/01\/Sin-titulo-1-143.png",1920,1080,false]},"rttpg_author":{"display_name":"ccardenas","author_link":"https:\/\/elconquistadorredloslagos.cl\/test\/blog\/author\/ccardenas\/"},"rttpg_comment":0,"rttpg_category":"<a href=\"https:\/\/elconquistadorredloslagos.cl\/test\/blog\/category\/actual\/acontecer\/\" rel=\"category tag\">Acontecer<\/a> <a href=\"https:\/\/elconquistadorredloslagos.cl\/test\/blog\/category\/actual\/\" rel=\"category tag\">Actualidad<\/a> <a href=\"https:\/\/elconquistadorredloslagos.cl\/test\/blog\/category\/comunidad\/\" rel=\"category tag\">Comunidad<\/a> <a href=\"https:\/\/elconquistadorredloslagos.cl\/test\/blog\/category\/empresas\/\" rel=\"category tag\">Empresarial<\/a>","rttpg_excerpt":"Esta semana, en la ciudad de Puerto Varas, se llev\u00f3 a cabo la primera reuni\u00f3n de Gobernanza del a\u00f1o 2025 del Programa Territorial Integrado (PTI) de la Carne Bovina de..","_links":{"self":[{"href":"https:\/\/elconquistadorredloslagos.cl\/test\/wp-json\/wp\/v2\/posts\/7113","targetHints":{"allow":["GET"]}}],"collection":[{"href":"https:\/\/elconquistadorredloslagos.cl\/test\/wp-json\/wp\/v2\/posts"}],"about":[{"href":"https:\/\/elconquistadorredloslagos.cl\/test\/wp-json\/wp\/v2\/types\/post"}],"author":[{"embeddable":true,"href":"https:\/\/elconquistadorredloslagos.cl\/test\/wp-json\/wp\/v2\/users\/2"}],"replies":[{"embeddable":true,"href":"https:\/\/elconquistadorredloslagos.cl\/test\/wp-json\/wp\/v2\/comments?post=7113"}],"version-history":[{"count":1,"href":"https:\/\/elconquistadorredloslagos.cl\/test\/wp-json\/wp\/v2\/posts\/7113\/revisions"}],"predecessor-version":[{"id":7119,"href":"https:\/\/elconquistadorredloslagos.cl\/test\/wp-json\/wp\/v2\/posts\/7113\/revisions\/7119"}],"wp:featuredmedia":[{"embeddable":true,"href":"https:\/\/elconquistadorredloslagos.cl\/test\/wp-json\/wp\/v2\/media\/7118"}],"wp:attachment":[{"href":"https:\/\/elconquistadorredloslagos.cl\/test\/wp-json\/wp\/v2\/media?parent=7113"}],"wp:term":[{"taxonomy":"category","embeddable":true,"href":"https:\/\/elconquistadorredloslagos.cl\/test\/wp-json\/wp\/v2\/categories?post=7113"},{"taxonomy":"post_tag","embeddable":true,"href":"https:\/\/elconquistadorredloslagos.cl\/test\/wp-json\/wp\/v2\/tags?post=7113"}],"curies":[{"name":"wp","href":"https:\/\/api.w.org\/{rel}","templated":true}]}}