{"id":7110,"date":"2025-01-31T14:31:47","date_gmt":"2025-01-31T17:31:47","guid":{"rendered":"https:\/\/elconquistadorredloslagos.cl\/test\/?p=7110"},"modified":"2025-01-31T15:27:31","modified_gmt":"2025-01-31T18:27:31","slug":"gobernador-santana-visito-el-avances-de-los-trabajos-en-el-puente-chacao","status":"publish","type":"post","link":"https:\/\/elconquistadorredloslagos.cl\/test\/blog\/2025\/01\/31\/gobernador-santana-visito-el-avances-de-los-trabajos-en-el-puente-chacao\/","title":{"rendered":"Gobernador Santana visit\u00f3 el avance de los trabajos en el Puente Chacao"},"content":{"rendered":"\n<p>Infraestructura, Transportes y Telecomunicaciones del Gobierno Regional, para revisar el avance de esta emblem\u00e1tica mega obra que, en los pr\u00f3ximos a\u00f1os, transformar\u00e1 la conectividad entre la isla de Chilo\u00e9 y el resto de Chile.<\/p>\n\n\n\n<p>Durante el recorrido, el Gobernador Santana pudo constatar el significativo progreso del proyecto, el cual est\u00e1 proyectado para inaugurarse en 2028. El puente, uno de los m\u00e1s importantes de Sudam\u00e9rica, se ha convertido en un motor de desarrollo tanto para la regi\u00f3n como para el pa\u00eds.<\/p>\n\n\n\n<figure class=\"wp-block-embed is-type-rich is-provider-gestor-del-servicio wp-block-embed-gestor-del-servicio\"><div class=\"wp-block-embed__wrapper\">\n<div style=\"width: 640px;\" class=\"wp-video\"><video class=\"wp-video-shortcode\" id=\"video-7110-1\" width=\"640\" height=\"360\" preload=\"metadata\" controls=\"controls\"><source type=\"video\/mp4\" src=\"https:\/\/elconquistadorredloslagos.cl\/test\/md\/santanachacao.mp4?_=1\" \/><a href=\"https:\/\/elconquistadorredloslagos.cl\/test\/md\/santanachacao.mp4\">https:\/\/elconquistadorredloslagos.cl\/test\/md\/santanachacao.mp4<\/a><\/video><\/div>\n<\/div><\/figure>\n\n\n\n<p>El Puente Chacao, al cruzar el Canal de Chacao, ha sido una obra compleja debido a las condiciones geogr\u00e1ficas y clim\u00e1ticas de la zona, pero se sigue avanzando con firmeza. Los principales componentes estructurales han sido fabricados con tecnolog\u00eda de punta y con la participaci\u00f3n de empresas nacionales e internacionales de primer nivel. El Gobernador destac\u00f3 el trabajo coordinado entre los diferentes actores involucrados para garantizar que la obra siga adelante sin contratiempos, perfeccionando contratos y abordando las externalidades negativas que se hab\u00edan presentado. <\/p>\n\n\n\n<p>Mirada al Futuro<\/p>\n\n\n\n<p>A pocos meses de celebrar el bicentenario de la anexi\u00f3n de Chilo\u00e9 al territorio nacional, el puente Chacao marcar\u00e1 un antes y un despu\u00e9s en la historia de la regi\u00f3n. Con su construcci\u00f3n, no solo se garantiza una mejora en la conectividad, sino que se abre la puerta a un futuro m\u00e1s pr\u00f3spero y din\u00e1mico para toda la zona.<\/p>\n","protected":false},"excerpt":{"rendered":"<p>Infraestructura, Transportes y Telecomunicaciones del Gobierno Regional, para revisar el avance de esta emblem\u00e1tica mega obra que, en los pr\u00f3ximos a\u00f1os, transformar\u00e1 la conectividad entre la isla de Chilo\u00e9 y..<\/p>\n","protected":false},"author":2,"featured_media":7111,"comment_status":"closed","ping_status":"open","sticky":false,"template":"","format":"standard","meta":{"footnotes":""},"categories":[1,28],"tags":[],"class_list":["post-7110","post","type-post","status-publish","format-standard","has-post-thumbnail","hentry","category-acontecer","category-actual"],"rttpg_featured_image_url":{"full":["https:\/\/elconquistadorredloslagos.cl\/test\/wp-content\/uploads\/2025\/01\/Sin-titulo-1-142.png",1920,1080,false],"landscape":["https:\/\/elconquistadorredloslagos.cl\/test\/wp-content\/uploads\/2025\/01\/Sin-titulo-1-142.png",1920,1080,false],"portraits":["https:\/\/elconquistadorredloslagos.cl\/test\/wp-content\/uploads\/2025\/01\/Sin-titulo-1-142.png",1920,1080,false],"thumbnail":["https:\/\/elconquistadorredloslagos.cl\/test\/wp-content\/uploads\/2025\/01\/Sin-titulo-1-142-150x150.png",150,150,true],"medium":["https:\/\/elconquistadorredloslagos.cl\/test\/wp-content\/uploads\/2025\/01\/Sin-titulo-1-142-300x169.png",300,169,true],"large":["https:\/\/elconquistadorredloslagos.cl\/test\/wp-content\/uploads\/2025\/01\/Sin-titulo-1-142-1024x576.png",1024,576,true],"1536x1536":["https:\/\/elconquistadorredloslagos.cl\/test\/wp-content\/uploads\/2025\/01\/Sin-titulo-1-142-1536x864.png",1536,864,true],"2048x2048":["https:\/\/elconquistadorredloslagos.cl\/test\/wp-content\/uploads\/2025\/01\/Sin-titulo-1-142.png",1920,1080,false]},"rttpg_author":{"display_name":"ccardenas","author_link":"https:\/\/elconquistadorredloslagos.cl\/test\/blog\/author\/ccardenas\/"},"rttpg_comment":0,"rttpg_category":"<a href=\"https:\/\/elconquistadorredloslagos.cl\/test\/blog\/category\/actual\/acontecer\/\" rel=\"category tag\">Acontecer<\/a> <a href=\"https:\/\/elconquistadorredloslagos.cl\/test\/blog\/category\/actual\/\" rel=\"category tag\">Actualidad<\/a>","rttpg_excerpt":"Infraestructura, Transportes y Telecomunicaciones del Gobierno Regional, para revisar el avance de esta emblem\u00e1tica mega obra que, en los pr\u00f3ximos a\u00f1os, transformar\u00e1 la conectividad entre la isla de Chilo\u00e9 y..","_links":{"self":[{"href":"https:\/\/elconquistadorredloslagos.cl\/test\/wp-json\/wp\/v2\/posts\/7110","targetHints":{"allow":["GET"]}}],"collection":[{"href":"https:\/\/elconquistadorredloslagos.cl\/test\/wp-json\/wp\/v2\/posts"}],"about":[{"href":"https:\/\/elconquistadorredloslagos.cl\/test\/wp-json\/wp\/v2\/types\/post"}],"author":[{"embeddable":true,"href":"https:\/\/elconquistadorredloslagos.cl\/test\/wp-json\/wp\/v2\/users\/2"}],"replies":[{"embeddable":true,"href":"https:\/\/elconquistadorredloslagos.cl\/test\/wp-json\/wp\/v2\/comments?post=7110"}],"version-history":[{"count":2,"href":"https:\/\/elconquistadorredloslagos.cl\/test\/wp-json\/wp\/v2\/posts\/7110\/revisions"}],"predecessor-version":[{"id":7138,"href":"https:\/\/elconquistadorredloslagos.cl\/test\/wp-json\/wp\/v2\/posts\/7110\/revisions\/7138"}],"wp:featuredmedia":[{"embeddable":true,"href":"https:\/\/elconquistadorredloslagos.cl\/test\/wp-json\/wp\/v2\/media\/7111"}],"wp:attachment":[{"href":"https:\/\/elconquistadorredloslagos.cl\/test\/wp-json\/wp\/v2\/media?parent=7110"}],"wp:term":[{"taxonomy":"category","embeddable":true,"href":"https:\/\/elconquistadorredloslagos.cl\/test\/wp-json\/wp\/v2\/categories?post=7110"},{"taxonomy":"post_tag","embeddable":true,"href":"https:\/\/elconquistadorredloslagos.cl\/test\/wp-json\/wp\/v2\/tags?post=7110"}],"curies":[{"name":"wp","href":"https:\/\/api.w.org\/{rel}","templated":true}]}}