{"id":7104,"date":"2025-01-31T13:53:41","date_gmt":"2025-01-31T16:53:41","guid":{"rendered":"https:\/\/elconquistadorredloslagos.cl\/test\/?p=7104"},"modified":"2025-01-31T13:53:41","modified_gmt":"2025-01-31T16:53:41","slug":"aprueban-ley-de-deuda-historica-seremis-de-en-los-lagos-se-reunieron-con-profesores-jubilados","status":"publish","type":"post","link":"https:\/\/elconquistadorredloslagos.cl\/test\/blog\/2025\/01\/31\/aprueban-ley-de-deuda-historica-seremis-de-en-los-lagos-se-reunieron-con-profesores-jubilados\/","title":{"rendered":"Aprueban Ley de Deuda Hist\u00f3rica: seremis de en Los Lagos se reunieron con profesores jubilados"},"content":{"rendered":"\n<p>La sala del Senado aprob\u00f3 y despach\u00f3 a ley, por 44 votos a favor y una abstenci\u00f3n, el proyecto de ley que por primera vez soluciona la deuda hist\u00f3rica docente tras cuatro d\u00e9cadas de espera, cumpliendo as\u00ed uno de los compromisos de gobierno del presidente Gabriel Boric.<\/p>\n\n\n\n<p>La ley beneficiar\u00e1 a 57 mil docentes que vieron vulnerados sus derechos laborales durante la dictadura, entreg\u00e1ndoles un pago de $4,5 millones, partiendo con aquellos de mayor edad. Para ello se dividir\u00e1 a los afectados en seis grupos y el primer pago se realizar\u00e1 a fin de a\u00f1o.<\/p>\n\n\n\n<p><strong>Regi\u00f3n de los Lagos<\/strong><\/p>\n\n\n\n<p>En dependencias del Colegio de Profesores y Profesoras de Puerto Montt, el seremi de Educaci\u00f3n, Juan Eduardo G\u00f3mez, junto a la seremi vocera de Gobierno, Danitza Ortiz, lideraron un di\u00e1logo con profesores y profesoras jubilados.<\/p>\n\n\n\n<p>En un espacio h\u00edbrido asistieron presencialmente y tambi\u00e9n de manera online docentes de diferentes comunas de la regi\u00f3n con el fin de conversar y reflexionar sobre esta ley que entrega soluci\u00f3n a la deuda hist\u00f3rica. Durante la actividad se contestaron las dudas sobre los pasos a seguir del proceso y se reflexion\u00f3 sobre este avance que las y los profesores esperaban. Algo que fue valorado por Manuela Mendoza, profesora jubilada.<\/p>\n\n\n\n<figure class=\"wp-block-audio\"><audio controls src=\"https:\/\/elconquistadorredloslagos.cl\/test\/wp-content\/uploads\/2025\/01\/CUNA-PROFE.mp3\"><\/audio><\/figure>\n\n\n\n<p><strong>El seremi de Educaci\u00f3n, Juan Eduardo G\u00f3mez<\/strong>, manifest\u00f3 la relevancia de cumplir con esta deuda hist\u00f3rica.<\/p>\n\n\n\n<figure class=\"wp-block-audio\"><audio controls src=\"https:\/\/elconquistadorredloslagos.cl\/test\/wp-content\/uploads\/2025\/01\/CUNA-SEREMI-EDUC.mp3\"><\/audio><\/figure>\n\n\n\n<p><strong>La seremi de Gobierno, Danitza Ortiz,<\/strong> expres\u00f3 que se trata de compromisos que van tomando cuerpo.<\/p>\n\n\n\n<figure class=\"wp-block-audio\"><audio controls src=\"https:\/\/elconquistadorredloslagos.cl\/test\/wp-content\/uploads\/2025\/01\/CUNA-DANITZA.mp3\"><\/audio><\/figure>\n\n\n\n<p>En las pr\u00f3ximas semanas, el Ministerio de Educaci\u00f3n informar\u00e1 los plazos en que los docentes deber\u00e1n complementar su informaci\u00f3n para hacer v\u00e1lido el beneficio en octubre y tambi\u00e9n informar\u00e1 los detalles de la plataforma para que aquellos docentes que no est\u00e1n en el registro oficial puedan entregar sus antecedentes.<\/p>\n","protected":false},"excerpt":{"rendered":"<p>La sala del Senado aprob\u00f3 y despach\u00f3 a ley, por 44 votos a favor y una abstenci\u00f3n, el proyecto de ley que por primera vez soluciona la deuda hist\u00f3rica docente..<\/p>\n","protected":false},"author":2,"featured_media":7108,"comment_status":"closed","ping_status":"open","sticky":false,"template":"","format":"standard","meta":{"footnotes":""},"categories":[1,28],"tags":[],"class_list":["post-7104","post","type-post","status-publish","format-standard","has-post-thumbnail","hentry","category-acontecer","category-actual"],"rttpg_featured_image_url":{"full":["https:\/\/elconquistadorredloslagos.cl\/test\/wp-content\/uploads\/2025\/01\/Sin-titulo-1-141.png",1920,1080,false],"landscape":["https:\/\/elconquistadorredloslagos.cl\/test\/wp-content\/uploads\/2025\/01\/Sin-titulo-1-141.png",1920,1080,false],"portraits":["https:\/\/elconquistadorredloslagos.cl\/test\/wp-content\/uploads\/2025\/01\/Sin-titulo-1-141.png",1920,1080,false],"thumbnail":["https:\/\/elconquistadorredloslagos.cl\/test\/wp-content\/uploads\/2025\/01\/Sin-titulo-1-141-150x150.png",150,150,true],"medium":["https:\/\/elconquistadorredloslagos.cl\/test\/wp-content\/uploads\/2025\/01\/Sin-titulo-1-141-300x169.png",300,169,true],"large":["https:\/\/elconquistadorredloslagos.cl\/test\/wp-content\/uploads\/2025\/01\/Sin-titulo-1-141-1024x576.png",1024,576,true],"1536x1536":["https:\/\/elconquistadorredloslagos.cl\/test\/wp-content\/uploads\/2025\/01\/Sin-titulo-1-141-1536x864.png",1536,864,true],"2048x2048":["https:\/\/elconquistadorredloslagos.cl\/test\/wp-content\/uploads\/2025\/01\/Sin-titulo-1-141.png",1920,1080,false]},"rttpg_author":{"display_name":"ccardenas","author_link":"https:\/\/elconquistadorredloslagos.cl\/test\/blog\/author\/ccardenas\/"},"rttpg_comment":0,"rttpg_category":"<a href=\"https:\/\/elconquistadorredloslagos.cl\/test\/blog\/category\/actual\/acontecer\/\" rel=\"category tag\">Acontecer<\/a> <a href=\"https:\/\/elconquistadorredloslagos.cl\/test\/blog\/category\/actual\/\" rel=\"category tag\">Actualidad<\/a>","rttpg_excerpt":"La sala del Senado aprob\u00f3 y despach\u00f3 a ley, por 44 votos a favor y una abstenci\u00f3n, el proyecto de ley que por primera vez soluciona la deuda hist\u00f3rica docente..","_links":{"self":[{"href":"https:\/\/elconquistadorredloslagos.cl\/test\/wp-json\/wp\/v2\/posts\/7104","targetHints":{"allow":["GET"]}}],"collection":[{"href":"https:\/\/elconquistadorredloslagos.cl\/test\/wp-json\/wp\/v2\/posts"}],"about":[{"href":"https:\/\/elconquistadorredloslagos.cl\/test\/wp-json\/wp\/v2\/types\/post"}],"author":[{"embeddable":true,"href":"https:\/\/elconquistadorredloslagos.cl\/test\/wp-json\/wp\/v2\/users\/2"}],"replies":[{"embeddable":true,"href":"https:\/\/elconquistadorredloslagos.cl\/test\/wp-json\/wp\/v2\/comments?post=7104"}],"version-history":[{"count":1,"href":"https:\/\/elconquistadorredloslagos.cl\/test\/wp-json\/wp\/v2\/posts\/7104\/revisions"}],"predecessor-version":[{"id":7109,"href":"https:\/\/elconquistadorredloslagos.cl\/test\/wp-json\/wp\/v2\/posts\/7104\/revisions\/7109"}],"wp:featuredmedia":[{"embeddable":true,"href":"https:\/\/elconquistadorredloslagos.cl\/test\/wp-json\/wp\/v2\/media\/7108"}],"wp:attachment":[{"href":"https:\/\/elconquistadorredloslagos.cl\/test\/wp-json\/wp\/v2\/media?parent=7104"}],"wp:term":[{"taxonomy":"category","embeddable":true,"href":"https:\/\/elconquistadorredloslagos.cl\/test\/wp-json\/wp\/v2\/categories?post=7104"},{"taxonomy":"post_tag","embeddable":true,"href":"https:\/\/elconquistadorredloslagos.cl\/test\/wp-json\/wp\/v2\/tags?post=7104"}],"curies":[{"name":"wp","href":"https:\/\/api.w.org\/{rel}","templated":true}]}}