{"id":7026,"date":"2025-01-29T13:12:25","date_gmt":"2025-01-29T16:12:25","guid":{"rendered":"https:\/\/elconquistadorredloslagos.cl\/test\/?p=7026"},"modified":"2025-01-29T13:12:25","modified_gmt":"2025-01-29T16:12:25","slug":"tragedia-en-bahia-mansa-alcalde-de-rio-negro-revela-una-serie-de-falencias-en-el-territorio","status":"publish","type":"post","link":"https:\/\/elconquistadorredloslagos.cl\/test\/blog\/2025\/01\/29\/tragedia-en-bahia-mansa-alcalde-de-rio-negro-revela-una-serie-de-falencias-en-el-territorio\/","title":{"rendered":"Tragedia en Bah\u00eda Mansa: alcalde de R\u00edo Negro revela una serie de falencias en el territorio"},"content":{"rendered":"\n<p>Contin\u00faa causando impacto en la opini\u00f3n p\u00fablica la tragedia de Bah\u00eda Mansa, tras el naufragio de la embarcaci\u00f3n de turismo en el que fallecieron siete personas y 27 sobrevivieron. Esta tragedia mar\u00edtima mantiene con un ambiente de desconsuelo a los habitantes de las comunas de San Juan de la Costa y R\u00edo Negro, y porque no decirlo al resto del pa\u00eds.<\/p>\n\n\n\n<p>Quien se refiri\u00f3 a los hechos fue el \u00a0alcalde de R\u00edo Negro, Sebasti\u00e1n Cruzat. El jefe comunal se refiri\u00f3 a la gran cantidad de falencias que afectan a este territorio, en donde se emplaza el sector de Caleta C\u00f3ndor, lugar desde donde zarp\u00f3 la embarcaci\u00f3n \u201cR\u00edo Cholguaco\u201d \u00a0el pasado domingo. La autoridad edilicia se\u00f1al\u00f3 que existe solo conectividad mar\u00edtima desde Bah\u00eda Mansa hasta el lugar, por lo que es de muy complejo acceso.<\/p>\n\n\n\n<figure class=\"wp-block-audio\"><audio controls src=\"https:\/\/elconquistadorredloslagos.cl\/test\/wp-content\/uploads\/2025\/01\/ALCALDE-CRUZAT-1.mp3\"><\/audio><\/figure>\n\n\n\n<p>Junto con ello, Cruzat explic\u00f3 que en estas zonas costeras pr\u00e1cticamente es inexistente la fiscalizaci\u00f3n de parte de la Autoridad Mar\u00edtima.<\/p>\n\n\n\n<figure class=\"wp-block-audio\"><audio controls src=\"https:\/\/elconquistadorredloslagos.cl\/test\/wp-content\/uploads\/2025\/01\/ALCALDE-CRUZAT-2.mp3\"><\/audio><\/figure>\n\n\n\n<p>En tanto, desde la Municipalidad de San Juan de la Costa han informado que contin\u00faa la labor de acompa\u00f1amiento y apoyo a las familias que sufrieron esta tragedia, a trav\u00e9s de la contenci\u00f3n emocional por medio del Departamento Social.<\/p>\n","protected":false},"excerpt":{"rendered":"<p>Contin\u00faa causando impacto en la opini\u00f3n p\u00fablica la tragedia de Bah\u00eda Mansa, tras el naufragio de la embarcaci\u00f3n de turismo en el que fallecieron siete personas y 27 sobrevivieron. Esta..<\/p>\n","protected":false},"author":2,"featured_media":7030,"comment_status":"closed","ping_status":"open","sticky":false,"template":"","format":"standard","meta":{"footnotes":""},"categories":[1,28],"tags":[],"class_list":["post-7026","post","type-post","status-publish","format-standard","has-post-thumbnail","hentry","category-acontecer","category-actual"],"rttpg_featured_image_url":{"full":["https:\/\/elconquistadorredloslagos.cl\/test\/wp-content\/uploads\/2025\/01\/Sin-titulo-1-129.png",1920,1080,false],"landscape":["https:\/\/elconquistadorredloslagos.cl\/test\/wp-content\/uploads\/2025\/01\/Sin-titulo-1-129.png",1920,1080,false],"portraits":["https:\/\/elconquistadorredloslagos.cl\/test\/wp-content\/uploads\/2025\/01\/Sin-titulo-1-129.png",1920,1080,false],"thumbnail":["https:\/\/elconquistadorredloslagos.cl\/test\/wp-content\/uploads\/2025\/01\/Sin-titulo-1-129-150x150.png",150,150,true],"medium":["https:\/\/elconquistadorredloslagos.cl\/test\/wp-content\/uploads\/2025\/01\/Sin-titulo-1-129-300x169.png",300,169,true],"large":["https:\/\/elconquistadorredloslagos.cl\/test\/wp-content\/uploads\/2025\/01\/Sin-titulo-1-129-1024x576.png",1024,576,true],"1536x1536":["https:\/\/elconquistadorredloslagos.cl\/test\/wp-content\/uploads\/2025\/01\/Sin-titulo-1-129-1536x864.png",1536,864,true],"2048x2048":["https:\/\/elconquistadorredloslagos.cl\/test\/wp-content\/uploads\/2025\/01\/Sin-titulo-1-129.png",1920,1080,false]},"rttpg_author":{"display_name":"ccardenas","author_link":"https:\/\/elconquistadorredloslagos.cl\/test\/blog\/author\/ccardenas\/"},"rttpg_comment":0,"rttpg_category":"<a href=\"https:\/\/elconquistadorredloslagos.cl\/test\/blog\/category\/actual\/acontecer\/\" rel=\"category tag\">Acontecer<\/a> <a href=\"https:\/\/elconquistadorredloslagos.cl\/test\/blog\/category\/actual\/\" rel=\"category tag\">Actualidad<\/a>","rttpg_excerpt":"Contin\u00faa causando impacto en la opini\u00f3n p\u00fablica la tragedia de Bah\u00eda Mansa, tras el naufragio de la embarcaci\u00f3n de turismo en el que fallecieron siete personas y 27 sobrevivieron. Esta..","_links":{"self":[{"href":"https:\/\/elconquistadorredloslagos.cl\/test\/wp-json\/wp\/v2\/posts\/7026","targetHints":{"allow":["GET"]}}],"collection":[{"href":"https:\/\/elconquistadorredloslagos.cl\/test\/wp-json\/wp\/v2\/posts"}],"about":[{"href":"https:\/\/elconquistadorredloslagos.cl\/test\/wp-json\/wp\/v2\/types\/post"}],"author":[{"embeddable":true,"href":"https:\/\/elconquistadorredloslagos.cl\/test\/wp-json\/wp\/v2\/users\/2"}],"replies":[{"embeddable":true,"href":"https:\/\/elconquistadorredloslagos.cl\/test\/wp-json\/wp\/v2\/comments?post=7026"}],"version-history":[{"count":1,"href":"https:\/\/elconquistadorredloslagos.cl\/test\/wp-json\/wp\/v2\/posts\/7026\/revisions"}],"predecessor-version":[{"id":7031,"href":"https:\/\/elconquistadorredloslagos.cl\/test\/wp-json\/wp\/v2\/posts\/7026\/revisions\/7031"}],"wp:featuredmedia":[{"embeddable":true,"href":"https:\/\/elconquistadorredloslagos.cl\/test\/wp-json\/wp\/v2\/media\/7030"}],"wp:attachment":[{"href":"https:\/\/elconquistadorredloslagos.cl\/test\/wp-json\/wp\/v2\/media?parent=7026"}],"wp:term":[{"taxonomy":"category","embeddable":true,"href":"https:\/\/elconquistadorredloslagos.cl\/test\/wp-json\/wp\/v2\/categories?post=7026"},{"taxonomy":"post_tag","embeddable":true,"href":"https:\/\/elconquistadorredloslagos.cl\/test\/wp-json\/wp\/v2\/tags?post=7026"}],"curies":[{"name":"wp","href":"https:\/\/api.w.org\/{rel}","templated":true}]}}