{"id":7018,"date":"2025-01-29T12:52:38","date_gmt":"2025-01-29T15:52:38","guid":{"rendered":"https:\/\/elconquistadorredloslagos.cl\/test\/?p=7018"},"modified":"2025-01-29T12:52:38","modified_gmt":"2025-01-29T15:52:38","slug":"castro-se-realizo-primer-consejo-integrado-de-la-red-asistencial-de-este-2025","status":"publish","type":"post","link":"https:\/\/elconquistadorredloslagos.cl\/test\/blog\/2025\/01\/29\/castro-se-realizo-primer-consejo-integrado-de-la-red-asistencial-de-este-2025\/","title":{"rendered":"Castro: se realiz\u00f3 primer Consejo Integrado de la Red Asistencial de este 2025"},"content":{"rendered":"\n<p>Con la participaci\u00f3n de los directores de los establecimientos hospitalarios y de atenci\u00f3n primaria, jefaturas de los Departamentos de Salud Municipal de las diferentes comunas de la provincia, equipos cl\u00ednicos y representantes del Servicio de Salud Chilo\u00e9, se desarroll\u00f3 en Castro el primer Consejo Integrado de la Red Asistencial de este 2025.<\/p>\n\n\n\n<p>Durante la instancia, enfocada en reforzar el trabajo y la coordinaci\u00f3n entre los distintos niveles de atenci\u00f3n de la red asistencial para fortalecer el sistema sanitario del Archipi\u00e9lago en beneficio de la poblaci\u00f3n, se abordaron tem\u00e1ticas vinculadas al Protocolo de Manejo en Red Urgencias para usuarios y usuarias con s\u00edntomas de salud mental, lo que estuvo a cargo de la profesional del Subdepartamento de Salud Mental del Servicio de Chilo\u00e9, doctora Loreto Gonz\u00e1lez.<\/p>\n\n\n\n<p>Asimismo, los presentes pudieron conocer el Protocolo de Rehabilitaci\u00f3n de paciente con Ataque Cerebro Vascular, presentaci\u00f3n que realiz\u00f3 la jefa de la Unidad de Coordinaci\u00f3n de la Red de Medicina F\u00edsica y Rehabilitaci\u00f3n de la instituci\u00f3n, doctora Karol Obreg\u00f3n; adem\u00e1s se dio cuenta de los avances en la implementaci\u00f3n del Registro Cl\u00ednico Electr\u00f3nico, exposici\u00f3n que efectu\u00f3 el jefe del Subdepartamento de la Tecnolog\u00eda de la Informaci\u00f3n y Comunicaciones (TIC), Javier Medina.<\/p>\n\n\n\n<p>Cabe destacar que el rol del Consejo de Integrado de la Red Asistencial de Chilo\u00e9 (CIR), est\u00e1 orientado a analizar, generar propuestas, asesorar y supervisar el cumplimiento de objetivos sanitarios, la oportunidad de acceso y la resolutividad de la red de salud.<\/p>\n","protected":false},"excerpt":{"rendered":"<p>Con la participaci\u00f3n de los directores de los establecimientos hospitalarios y de atenci\u00f3n primaria, jefaturas de los Departamentos de Salud Municipal de las diferentes comunas de la provincia, equipos cl\u00ednicos..<\/p>\n","protected":false},"author":2,"featured_media":7019,"comment_status":"closed","ping_status":"open","sticky":false,"template":"","format":"standard","meta":{"footnotes":""},"categories":[1,28],"tags":[],"class_list":["post-7018","post","type-post","status-publish","format-standard","has-post-thumbnail","hentry","category-acontecer","category-actual"],"rttpg_featured_image_url":{"full":["https:\/\/elconquistadorredloslagos.cl\/test\/wp-content\/uploads\/2025\/01\/Sin-titulo-1-126.png",1920,1080,false],"landscape":["https:\/\/elconquistadorredloslagos.cl\/test\/wp-content\/uploads\/2025\/01\/Sin-titulo-1-126.png",1920,1080,false],"portraits":["https:\/\/elconquistadorredloslagos.cl\/test\/wp-content\/uploads\/2025\/01\/Sin-titulo-1-126.png",1920,1080,false],"thumbnail":["https:\/\/elconquistadorredloslagos.cl\/test\/wp-content\/uploads\/2025\/01\/Sin-titulo-1-126-150x150.png",150,150,true],"medium":["https:\/\/elconquistadorredloslagos.cl\/test\/wp-content\/uploads\/2025\/01\/Sin-titulo-1-126-300x169.png",300,169,true],"large":["https:\/\/elconquistadorredloslagos.cl\/test\/wp-content\/uploads\/2025\/01\/Sin-titulo-1-126-1024x576.png",1024,576,true],"1536x1536":["https:\/\/elconquistadorredloslagos.cl\/test\/wp-content\/uploads\/2025\/01\/Sin-titulo-1-126-1536x864.png",1536,864,true],"2048x2048":["https:\/\/elconquistadorredloslagos.cl\/test\/wp-content\/uploads\/2025\/01\/Sin-titulo-1-126.png",1920,1080,false]},"rttpg_author":{"display_name":"ccardenas","author_link":"https:\/\/elconquistadorredloslagos.cl\/test\/blog\/author\/ccardenas\/"},"rttpg_comment":0,"rttpg_category":"<a href=\"https:\/\/elconquistadorredloslagos.cl\/test\/blog\/category\/actual\/acontecer\/\" rel=\"category tag\">Acontecer<\/a> <a href=\"https:\/\/elconquistadorredloslagos.cl\/test\/blog\/category\/actual\/\" rel=\"category tag\">Actualidad<\/a>","rttpg_excerpt":"Con la participaci\u00f3n de los directores de los establecimientos hospitalarios y de atenci\u00f3n primaria, jefaturas de los Departamentos de Salud Municipal de las diferentes comunas de la provincia, equipos cl\u00ednicos..","_links":{"self":[{"href":"https:\/\/elconquistadorredloslagos.cl\/test\/wp-json\/wp\/v2\/posts\/7018","targetHints":{"allow":["GET"]}}],"collection":[{"href":"https:\/\/elconquistadorredloslagos.cl\/test\/wp-json\/wp\/v2\/posts"}],"about":[{"href":"https:\/\/elconquistadorredloslagos.cl\/test\/wp-json\/wp\/v2\/types\/post"}],"author":[{"embeddable":true,"href":"https:\/\/elconquistadorredloslagos.cl\/test\/wp-json\/wp\/v2\/users\/2"}],"replies":[{"embeddable":true,"href":"https:\/\/elconquistadorredloslagos.cl\/test\/wp-json\/wp\/v2\/comments?post=7018"}],"version-history":[{"count":1,"href":"https:\/\/elconquistadorredloslagos.cl\/test\/wp-json\/wp\/v2\/posts\/7018\/revisions"}],"predecessor-version":[{"id":7020,"href":"https:\/\/elconquistadorredloslagos.cl\/test\/wp-json\/wp\/v2\/posts\/7018\/revisions\/7020"}],"wp:featuredmedia":[{"embeddable":true,"href":"https:\/\/elconquistadorredloslagos.cl\/test\/wp-json\/wp\/v2\/media\/7019"}],"wp:attachment":[{"href":"https:\/\/elconquistadorredloslagos.cl\/test\/wp-json\/wp\/v2\/media?parent=7018"}],"wp:term":[{"taxonomy":"category","embeddable":true,"href":"https:\/\/elconquistadorredloslagos.cl\/test\/wp-json\/wp\/v2\/categories?post=7018"},{"taxonomy":"post_tag","embeddable":true,"href":"https:\/\/elconquistadorredloslagos.cl\/test\/wp-json\/wp\/v2\/tags?post=7018"}],"curies":[{"name":"wp","href":"https:\/\/api.w.org\/{rel}","templated":true}]}}