{"id":7010,"date":"2025-01-29T12:44:30","date_gmt":"2025-01-29T15:44:30","guid":{"rendered":"https:\/\/elconquistadorredloslagos.cl\/test\/?p=7010"},"modified":"2025-01-29T12:44:32","modified_gmt":"2025-01-29T15:44:32","slug":"seremi-de-gobierno-y-director-de-injuv-los-lagos-promueven-plataforma-de-atencion-psicosocial-anonima-y-gratuita","status":"publish","type":"post","link":"https:\/\/elconquistadorredloslagos.cl\/test\/blog\/2025\/01\/29\/seremi-de-gobierno-y-director-de-injuv-los-lagos-promueven-plataforma-de-atencion-psicosocial-anonima-y-gratuita\/","title":{"rendered":"Seremi de Gobierno y director de INJUV Los Lagos promueven plataforma de atenci\u00f3n psicosocial an\u00f3nima y gratuita"},"content":{"rendered":"\n<p>La seremi de Gobierno, Danitza Ortiz, junto al director del Instituto Nacional de la Juventud en Los Lagos, Jorge San Mart\u00edn, realizaron un recorrido por la costanera de Puerto Montt para promocionar el programa \u201cHablemos de Todo\u201d. Esta iniciativa entrega la posibilidad de hablar con psic\u00f3logos y psic\u00f3logas sobre temas clave para la juventud como salud mental, sexualidad, violencia y autocuidado.<\/p>\n\n\n\n<p>En la ocasi\u00f3n, ambas autoridades distribuyeron una tarjeta de bolsillo con un enlace QR para acceder al sitio web hablemosdetodo.injuv.gob.cl el cual permite ingresar a un chat de atenci\u00f3n psicosocial sin estigmas ni prejuicios y de manera confidencial y gratuita.<\/p>\n\n\n\n<p>Jorge San Mart\u00edn, director del Injuv, destac\u00f3 las caracter\u00edsticas de esta novedosa plataforma.<\/p>\n\n\n\n<figure class=\"wp-block-audio\"><audio controls src=\"https:\/\/elconquistadorredloslagos.cl\/test\/wp-content\/uploads\/2025\/01\/Audio-Jorge-San-Martin-Barra-programa-Hablemos-de-Todo.mp3\"><\/audio><\/figure>\n\n\n\n<p>Danitza Ortiz, seremi de Gobierno, indic\u00f3 que valor\u00f3 la posibilidad de prevenir aquellas situaciones en materia de salud mental.<\/p>\n\n\n\n<figure class=\"wp-block-audio\"><audio controls src=\"https:\/\/elconquistadorredloslagos.cl\/test\/wp-content\/uploads\/2025\/01\/Audio-Danitza-Ortiz-Viveros-programa-Hablemos-de-Todo.mp3\"><\/audio><\/figure>\n\n\n\n<p>Si bien el programa Hablemos de Todo est\u00e1 enfocado en j\u00f3venes de entre 15 y 29 a\u00f1os, es un servicio abierto a toda la comunidad sin exclusi\u00f3n. Funciona de lunes a viernes desde las 10 de la ma\u00f1ana hasta las 9 de la noche y los s\u00e1bados desde las 11 hasta las 5 de la tarde.<\/p>\n","protected":false},"excerpt":{"rendered":"<p>La seremi de Gobierno, Danitza Ortiz, junto al director del Instituto Nacional de la Juventud en Los Lagos, Jorge San Mart\u00edn, realizaron un recorrido por la costanera de Puerto Montt..<\/p>\n","protected":false},"author":2,"featured_media":7013,"comment_status":"closed","ping_status":"open","sticky":false,"template":"","format":"standard","meta":{"footnotes":""},"categories":[1,28],"tags":[],"class_list":["post-7010","post","type-post","status-publish","format-standard","has-post-thumbnail","hentry","category-acontecer","category-actual"],"rttpg_featured_image_url":{"full":["https:\/\/elconquistadorredloslagos.cl\/test\/wp-content\/uploads\/2025\/01\/Sin-titulo-1-124.png",1920,1080,false],"landscape":["https:\/\/elconquistadorredloslagos.cl\/test\/wp-content\/uploads\/2025\/01\/Sin-titulo-1-124.png",1920,1080,false],"portraits":["https:\/\/elconquistadorredloslagos.cl\/test\/wp-content\/uploads\/2025\/01\/Sin-titulo-1-124.png",1920,1080,false],"thumbnail":["https:\/\/elconquistadorredloslagos.cl\/test\/wp-content\/uploads\/2025\/01\/Sin-titulo-1-124-150x150.png",150,150,true],"medium":["https:\/\/elconquistadorredloslagos.cl\/test\/wp-content\/uploads\/2025\/01\/Sin-titulo-1-124-300x169.png",300,169,true],"large":["https:\/\/elconquistadorredloslagos.cl\/test\/wp-content\/uploads\/2025\/01\/Sin-titulo-1-124-1024x576.png",1024,576,true],"1536x1536":["https:\/\/elconquistadorredloslagos.cl\/test\/wp-content\/uploads\/2025\/01\/Sin-titulo-1-124-1536x864.png",1536,864,true],"2048x2048":["https:\/\/elconquistadorredloslagos.cl\/test\/wp-content\/uploads\/2025\/01\/Sin-titulo-1-124.png",1920,1080,false]},"rttpg_author":{"display_name":"ccardenas","author_link":"https:\/\/elconquistadorredloslagos.cl\/test\/blog\/author\/ccardenas\/"},"rttpg_comment":0,"rttpg_category":"<a href=\"https:\/\/elconquistadorredloslagos.cl\/test\/blog\/category\/actual\/acontecer\/\" rel=\"category tag\">Acontecer<\/a> <a href=\"https:\/\/elconquistadorredloslagos.cl\/test\/blog\/category\/actual\/\" rel=\"category tag\">Actualidad<\/a>","rttpg_excerpt":"La seremi de Gobierno, Danitza Ortiz, junto al director del Instituto Nacional de la Juventud en Los Lagos, Jorge San Mart\u00edn, realizaron un recorrido por la costanera de Puerto Montt..","_links":{"self":[{"href":"https:\/\/elconquistadorredloslagos.cl\/test\/wp-json\/wp\/v2\/posts\/7010","targetHints":{"allow":["GET"]}}],"collection":[{"href":"https:\/\/elconquistadorredloslagos.cl\/test\/wp-json\/wp\/v2\/posts"}],"about":[{"href":"https:\/\/elconquistadorredloslagos.cl\/test\/wp-json\/wp\/v2\/types\/post"}],"author":[{"embeddable":true,"href":"https:\/\/elconquistadorredloslagos.cl\/test\/wp-json\/wp\/v2\/users\/2"}],"replies":[{"embeddable":true,"href":"https:\/\/elconquistadorredloslagos.cl\/test\/wp-json\/wp\/v2\/comments?post=7010"}],"version-history":[{"count":1,"href":"https:\/\/elconquistadorredloslagos.cl\/test\/wp-json\/wp\/v2\/posts\/7010\/revisions"}],"predecessor-version":[{"id":7014,"href":"https:\/\/elconquistadorredloslagos.cl\/test\/wp-json\/wp\/v2\/posts\/7010\/revisions\/7014"}],"wp:featuredmedia":[{"embeddable":true,"href":"https:\/\/elconquistadorredloslagos.cl\/test\/wp-json\/wp\/v2\/media\/7013"}],"wp:attachment":[{"href":"https:\/\/elconquistadorredloslagos.cl\/test\/wp-json\/wp\/v2\/media?parent=7010"}],"wp:term":[{"taxonomy":"category","embeddable":true,"href":"https:\/\/elconquistadorredloslagos.cl\/test\/wp-json\/wp\/v2\/categories?post=7010"},{"taxonomy":"post_tag","embeddable":true,"href":"https:\/\/elconquistadorredloslagos.cl\/test\/wp-json\/wp\/v2\/tags?post=7010"}],"curies":[{"name":"wp","href":"https:\/\/api.w.org\/{rel}","templated":true}]}}