{"id":6994,"date":"2025-01-28T16:20:41","date_gmt":"2025-01-28T19:20:41","guid":{"rendered":"https:\/\/elconquistadorredloslagos.cl\/test\/?p=6994"},"modified":"2025-01-28T16:20:41","modified_gmt":"2025-01-28T19:20:41","slug":"chiloe-realizan-llamado-a-postular-a-becas-junaeb","status":"publish","type":"post","link":"https:\/\/elconquistadorredloslagos.cl\/test\/blog\/2025\/01\/28\/chiloe-realizan-llamado-a-postular-a-becas-junaeb\/","title":{"rendered":"Chilo\u00e9: realizan llamado a postular a becas Junaeb"},"content":{"rendered":"\n<p>Desde la delegaci\u00f3n presidencial de Chilo\u00e9, en conjunto con la direcci\u00f3n provincial de educaci\u00f3n y la coordinadora provincial de Junaeb, se hizo un llamado a la comunidad a participar de los procesos de postulaciones para la Beca Ind\u00edgena, Beca Presidente de la Rep\u00fablica y Beca de Integraci\u00f3n Territorial, becas abiertas hasta el 31 de enero para su postulaci\u00f3n.<\/p>\n\n\n\n<p>En este sentido, Carolina Mancilla, coordinadora Junaeb en el Archipi\u00e9lago, destac\u00f3 lo que significan estos apoyos econ\u00f3micos complementarios para j\u00f3venes que cursan estudios superiores. <\/p>\n\n\n\n<figure class=\"wp-block-audio\"><audio controls src=\"https:\/\/elconquistadorredloslagos.cl\/test\/wp-content\/uploads\/2025\/01\/CAROLINA-MANCILLA.mp3\"><\/audio><\/figure>\n\n\n\n<p>Palabras similares de parte de la jefa provincial educaci\u00f3n, Natalia Altamirano.<\/p>\n\n\n\n<figure class=\"wp-block-audio\"><audio controls src=\"https:\/\/elconquistadorredloslagos.cl\/test\/wp-content\/uploads\/2025\/01\/NATALIA-ALTAMIRANO.mp3\"><\/audio><\/figure>\n\n\n\n<p>Asimismo, el delegado provincial Marcelo Malague\u00f1o, valor\u00f3 el proyecto de ley que incluye a la provincia de Chilo\u00e9 en las Becas de Integraci\u00f3n Territorial (BIT).<\/p>\n\n\n\n<figure class=\"wp-block-audio\"><audio controls src=\"https:\/\/elconquistadorredloslagos.cl\/test\/wp-content\/uploads\/2025\/01\/MARCELO-MALAGUENO-online-audio-converter.com_.mp3\"><\/audio><\/figure>\n\n\n\n<p>Las postulaciones se realizan en www.junaeb.cl.<\/p>\n","protected":false},"excerpt":{"rendered":"<p>Desde la delegaci\u00f3n presidencial de Chilo\u00e9, en conjunto con la direcci\u00f3n provincial de educaci\u00f3n y la coordinadora provincial de Junaeb, se hizo un llamado a la comunidad a participar de..<\/p>\n","protected":false},"author":2,"featured_media":6998,"comment_status":"closed","ping_status":"open","sticky":false,"template":"","format":"standard","meta":{"footnotes":""},"categories":[1,28],"tags":[],"class_list":["post-6994","post","type-post","status-publish","format-standard","has-post-thumbnail","hentry","category-acontecer","category-actual"],"rttpg_featured_image_url":{"full":["https:\/\/elconquistadorredloslagos.cl\/test\/wp-content\/uploads\/2025\/01\/Postulacion-a-Becas-Junaeb.jpg",900,450,false],"landscape":["https:\/\/elconquistadorredloslagos.cl\/test\/wp-content\/uploads\/2025\/01\/Postulacion-a-Becas-Junaeb.jpg",900,450,false],"portraits":["https:\/\/elconquistadorredloslagos.cl\/test\/wp-content\/uploads\/2025\/01\/Postulacion-a-Becas-Junaeb.jpg",900,450,false],"thumbnail":["https:\/\/elconquistadorredloslagos.cl\/test\/wp-content\/uploads\/2025\/01\/Postulacion-a-Becas-Junaeb-150x150.jpg",150,150,true],"medium":["https:\/\/elconquistadorredloslagos.cl\/test\/wp-content\/uploads\/2025\/01\/Postulacion-a-Becas-Junaeb-300x150.jpg",300,150,true],"large":["https:\/\/elconquistadorredloslagos.cl\/test\/wp-content\/uploads\/2025\/01\/Postulacion-a-Becas-Junaeb.jpg",900,450,false],"1536x1536":["https:\/\/elconquistadorredloslagos.cl\/test\/wp-content\/uploads\/2025\/01\/Postulacion-a-Becas-Junaeb.jpg",900,450,false],"2048x2048":["https:\/\/elconquistadorredloslagos.cl\/test\/wp-content\/uploads\/2025\/01\/Postulacion-a-Becas-Junaeb.jpg",900,450,false]},"rttpg_author":{"display_name":"ccardenas","author_link":"https:\/\/elconquistadorredloslagos.cl\/test\/blog\/author\/ccardenas\/"},"rttpg_comment":0,"rttpg_category":"<a href=\"https:\/\/elconquistadorredloslagos.cl\/test\/blog\/category\/actual\/acontecer\/\" rel=\"category tag\">Acontecer<\/a> <a href=\"https:\/\/elconquistadorredloslagos.cl\/test\/blog\/category\/actual\/\" rel=\"category tag\">Actualidad<\/a>","rttpg_excerpt":"Desde la delegaci\u00f3n presidencial de Chilo\u00e9, en conjunto con la direcci\u00f3n provincial de educaci\u00f3n y la coordinadora provincial de Junaeb, se hizo un llamado a la comunidad a participar de..","_links":{"self":[{"href":"https:\/\/elconquistadorredloslagos.cl\/test\/wp-json\/wp\/v2\/posts\/6994","targetHints":{"allow":["GET"]}}],"collection":[{"href":"https:\/\/elconquistadorredloslagos.cl\/test\/wp-json\/wp\/v2\/posts"}],"about":[{"href":"https:\/\/elconquistadorredloslagos.cl\/test\/wp-json\/wp\/v2\/types\/post"}],"author":[{"embeddable":true,"href":"https:\/\/elconquistadorredloslagos.cl\/test\/wp-json\/wp\/v2\/users\/2"}],"replies":[{"embeddable":true,"href":"https:\/\/elconquistadorredloslagos.cl\/test\/wp-json\/wp\/v2\/comments?post=6994"}],"version-history":[{"count":1,"href":"https:\/\/elconquistadorredloslagos.cl\/test\/wp-json\/wp\/v2\/posts\/6994\/revisions"}],"predecessor-version":[{"id":6999,"href":"https:\/\/elconquistadorredloslagos.cl\/test\/wp-json\/wp\/v2\/posts\/6994\/revisions\/6999"}],"wp:featuredmedia":[{"embeddable":true,"href":"https:\/\/elconquistadorredloslagos.cl\/test\/wp-json\/wp\/v2\/media\/6998"}],"wp:attachment":[{"href":"https:\/\/elconquistadorredloslagos.cl\/test\/wp-json\/wp\/v2\/media?parent=6994"}],"wp:term":[{"taxonomy":"category","embeddable":true,"href":"https:\/\/elconquistadorredloslagos.cl\/test\/wp-json\/wp\/v2\/categories?post=6994"},{"taxonomy":"post_tag","embeddable":true,"href":"https:\/\/elconquistadorredloslagos.cl\/test\/wp-json\/wp\/v2\/tags?post=6994"}],"curies":[{"name":"wp","href":"https:\/\/api.w.org\/{rel}","templated":true}]}}