{"id":6990,"date":"2025-01-28T15:48:31","date_gmt":"2025-01-28T18:48:31","guid":{"rendered":"https:\/\/elconquistadorredloslagos.cl\/test\/?p=6990"},"modified":"2025-01-28T15:48:32","modified_gmt":"2025-01-28T18:48:32","slug":"puerto-montt-suma-conexiones-a-partir-de-abril-habra-vuelos-directos-con-bariloche","status":"publish","type":"post","link":"https:\/\/elconquistadorredloslagos.cl\/test\/blog\/2025\/01\/28\/puerto-montt-suma-conexiones-a-partir-de-abril-habra-vuelos-directos-con-bariloche\/","title":{"rendered":"Puerto Montt suma conexiones: a partir de abril habr\u00e1 vuelos directos con Bariloche"},"content":{"rendered":"\n<p>A partir de los primeros d\u00edas de abril, SKY Airlines conectar\u00e1 dos ciudades con gran relevancia tur\u00edstica para Chile y Argentina.<\/p>\n\n\n\n<p>De esta manera, las turistas nacionales podr\u00e1n visitar Bariloche durante todo el a\u00f1o tanto desde Puerto Montt con dos vuelos semanales, los cuales proyectan trasladar a cerca de 2 mil 400 pasajeros al mes. Con ello se marca un hito en la historia aeron\u00e1utica de la regi\u00f3n de Los Lagos, dando inicio a las rutas internacionales en el Aeropuerto El Tepual.<\/p>\n\n\n\n<p>Desde la C\u00e1mara de Comercio de Puerto Montt, su presidente Patricio Ampuero, valor\u00f3 la apertura de esta nueva ruta a\u00e9rea.<\/p>\n\n\n\n<figure class=\"wp-block-audio\"><audio controls src=\"https:\/\/elconquistadorredloslagos.cl\/test\/wp-content\/uploads\/2025\/01\/28-CAMARA-COM.mp3\"><\/audio><\/figure>\n\n\n\n<p>El primer vuelo est\u00e1 programado para el pr\u00f3ximo 4 de abril.<\/p>\n","protected":false},"excerpt":{"rendered":"<p>A partir de los primeros d\u00edas de abril, SKY Airlines conectar\u00e1 dos ciudades con gran relevancia tur\u00edstica para Chile y Argentina. De esta manera, las turistas nacionales podr\u00e1n visitar Bariloche..<\/p>\n","protected":false},"author":2,"featured_media":6992,"comment_status":"closed","ping_status":"open","sticky":false,"template":"","format":"standard","meta":{"footnotes":""},"categories":[1,28],"tags":[],"class_list":["post-6990","post","type-post","status-publish","format-standard","has-post-thumbnail","hentry","category-acontecer","category-actual"],"rttpg_featured_image_url":{"full":["https:\/\/elconquistadorredloslagos.cl\/test\/wp-content\/uploads\/2025\/01\/Sin-titulo-1-121.png",1920,1080,false],"landscape":["https:\/\/elconquistadorredloslagos.cl\/test\/wp-content\/uploads\/2025\/01\/Sin-titulo-1-121.png",1920,1080,false],"portraits":["https:\/\/elconquistadorredloslagos.cl\/test\/wp-content\/uploads\/2025\/01\/Sin-titulo-1-121.png",1920,1080,false],"thumbnail":["https:\/\/elconquistadorredloslagos.cl\/test\/wp-content\/uploads\/2025\/01\/Sin-titulo-1-121-150x150.png",150,150,true],"medium":["https:\/\/elconquistadorredloslagos.cl\/test\/wp-content\/uploads\/2025\/01\/Sin-titulo-1-121-300x169.png",300,169,true],"large":["https:\/\/elconquistadorredloslagos.cl\/test\/wp-content\/uploads\/2025\/01\/Sin-titulo-1-121-1024x576.png",1024,576,true],"1536x1536":["https:\/\/elconquistadorredloslagos.cl\/test\/wp-content\/uploads\/2025\/01\/Sin-titulo-1-121-1536x864.png",1536,864,true],"2048x2048":["https:\/\/elconquistadorredloslagos.cl\/test\/wp-content\/uploads\/2025\/01\/Sin-titulo-1-121.png",1920,1080,false]},"rttpg_author":{"display_name":"ccardenas","author_link":"https:\/\/elconquistadorredloslagos.cl\/test\/blog\/author\/ccardenas\/"},"rttpg_comment":0,"rttpg_category":"<a href=\"https:\/\/elconquistadorredloslagos.cl\/test\/blog\/category\/actual\/acontecer\/\" rel=\"category tag\">Acontecer<\/a> <a href=\"https:\/\/elconquistadorredloslagos.cl\/test\/blog\/category\/actual\/\" rel=\"category tag\">Actualidad<\/a>","rttpg_excerpt":"A partir de los primeros d\u00edas de abril, SKY Airlines conectar\u00e1 dos ciudades con gran relevancia tur\u00edstica para Chile y Argentina. De esta manera, las turistas nacionales podr\u00e1n visitar Bariloche..","_links":{"self":[{"href":"https:\/\/elconquistadorredloslagos.cl\/test\/wp-json\/wp\/v2\/posts\/6990","targetHints":{"allow":["GET"]}}],"collection":[{"href":"https:\/\/elconquistadorredloslagos.cl\/test\/wp-json\/wp\/v2\/posts"}],"about":[{"href":"https:\/\/elconquistadorredloslagos.cl\/test\/wp-json\/wp\/v2\/types\/post"}],"author":[{"embeddable":true,"href":"https:\/\/elconquistadorredloslagos.cl\/test\/wp-json\/wp\/v2\/users\/2"}],"replies":[{"embeddable":true,"href":"https:\/\/elconquistadorredloslagos.cl\/test\/wp-json\/wp\/v2\/comments?post=6990"}],"version-history":[{"count":1,"href":"https:\/\/elconquistadorredloslagos.cl\/test\/wp-json\/wp\/v2\/posts\/6990\/revisions"}],"predecessor-version":[{"id":6993,"href":"https:\/\/elconquistadorredloslagos.cl\/test\/wp-json\/wp\/v2\/posts\/6990\/revisions\/6993"}],"wp:featuredmedia":[{"embeddable":true,"href":"https:\/\/elconquistadorredloslagos.cl\/test\/wp-json\/wp\/v2\/media\/6992"}],"wp:attachment":[{"href":"https:\/\/elconquistadorredloslagos.cl\/test\/wp-json\/wp\/v2\/media?parent=6990"}],"wp:term":[{"taxonomy":"category","embeddable":true,"href":"https:\/\/elconquistadorredloslagos.cl\/test\/wp-json\/wp\/v2\/categories?post=6990"},{"taxonomy":"post_tag","embeddable":true,"href":"https:\/\/elconquistadorredloslagos.cl\/test\/wp-json\/wp\/v2\/tags?post=6990"}],"curies":[{"name":"wp","href":"https:\/\/api.w.org\/{rel}","templated":true}]}}