{"id":6984,"date":"2025-01-28T15:33:11","date_gmt":"2025-01-28T18:33:11","guid":{"rendered":"https:\/\/elconquistadorredloslagos.cl\/test\/?p=6984"},"modified":"2025-01-28T15:33:12","modified_gmt":"2025-01-28T18:33:12","slug":"trabajo-conjunto-de-aduanas-armada-pdi-y-fiscalia-permite-el-decomiso-de-4-kilos-200-gramos-de-cocaina","status":"publish","type":"post","link":"https:\/\/elconquistadorredloslagos.cl\/test\/blog\/2025\/01\/28\/trabajo-conjunto-de-aduanas-armada-pdi-y-fiscalia-permite-el-decomiso-de-4-kilos-200-gramos-de-cocaina\/","title":{"rendered":"Trabajo conjunto de Aduanas, Armada, PDI y Fiscal\u00eda permite el decomiso de 4 kilos 200 gramos de coca\u00edna"},"content":{"rendered":"\n<p>Como parte de un trabajo interinstitucional entre Aduanas, Armada, PDI y Fiscal\u00eda, fue detenido un imputado de 27 a\u00f1os, extranjero, quien manten\u00eda residencia en la ciudad de Castro y el cual transportaba 4 kilos 200 gramos de clorhidrato de coca\u00edna hacia la regi\u00f3n, es decir cerca de 16 mil 800 dosis de drogas. <\/p>\n\n\n\n<p>El sujeto, quien no tiene permanencia legal en nuestro pa\u00eds, viajaba a bordo de la barcaza Jacaf donde fue fiscalizado. As\u00ed lo relat\u00f3 el Fiscal regional, Jos\u00e9 Moris.<\/p>\n\n\n\n<figure class=\"wp-block-audio\"><audio controls src=\"https:\/\/elconquistadorredloslagos.cl\/test\/wp-content\/uploads\/2025\/01\/JOSE-MORIS.mp3\"><\/audio><\/figure>\n\n\n\n<p>Por su parte la jefa (s) de la Brigada Antinarc\u00f3ticos y Contra el Crimen Organizado Coyhaique de la PDI, subcomisaria Geraldine Soto, explic\u00f3 que solicit\u00f3 la concurrencia del Laboratorio de Criminal\u00edstica para corroborar la identidad del sujeto.<\/p>\n\n\n\n<figure class=\"wp-block-audio\"><audio controls src=\"https:\/\/elconquistadorredloslagos.cl\/test\/wp-content\/uploads\/2025\/01\/GERALDINE-PDI.mp3\"><\/audio><\/figure>\n\n\n\n<p><strong>ARMADA Y ADUANAS<\/strong><\/p>\n\n\n\n<p>En tanto el Gobernador Mar\u00edtimo de Ays\u00e9n, Capit\u00e1n de Nav\u00edo Litoral, Octavio Valenzuela, manifest\u00f3 que estas actividades son parte de las labores rutinarias de las instituciones de orden y seguridad. <\/p>\n\n\n\n<figure class=\"wp-block-audio\"><audio controls src=\"https:\/\/elconquistadorredloslagos.cl\/test\/wp-content\/uploads\/2025\/01\/ARMADA.mp3\"><\/audio><\/figure>\n\n\n\n<p>Finalmente, el Director Regional de Aduanas, Ra\u00fal Pizarro, dijo que \u201cnuestra presencia y nuestro trabajo es permanente, es de todos los d\u00edas, 24 horas, 24\/7 y los resultados est\u00e1n a la vista cuando los servicios se coordinan y trabajan en forma mancomunada y orientada hacia justamente tratar de eliminar y hacer cero ojal\u00e1 este flagelo que afecta al pa\u00eds y en particular a la regi\u00f3n.<\/p>\n\n\n\n<p>FOTO: <a href=\"https:\/\/x.com\/PDI_Aysen\">@PDI_Aysen<\/a> &#8211; X<\/p>\n\n\n\n<p><\/p>\n\n\n\n<p><\/p>\n","protected":false},"excerpt":{"rendered":"<p>Como parte de un trabajo interinstitucional entre Aduanas, Armada, PDI y Fiscal\u00eda, fue detenido un imputado de 27 a\u00f1os, extranjero, quien manten\u00eda residencia en la ciudad de Castro y el..<\/p>\n","protected":false},"author":2,"featured_media":6988,"comment_status":"closed","ping_status":"open","sticky":false,"template":"","format":"standard","meta":{"footnotes":""},"categories":[1,28],"tags":[],"class_list":["post-6984","post","type-post","status-publish","format-standard","has-post-thumbnail","hentry","category-acontecer","category-actual"],"rttpg_featured_image_url":{"full":["https:\/\/elconquistadorredloslagos.cl\/test\/wp-content\/uploads\/2025\/01\/Sin-titulo-1-120.png",1920,1080,false],"landscape":["https:\/\/elconquistadorredloslagos.cl\/test\/wp-content\/uploads\/2025\/01\/Sin-titulo-1-120.png",1920,1080,false],"portraits":["https:\/\/elconquistadorredloslagos.cl\/test\/wp-content\/uploads\/2025\/01\/Sin-titulo-1-120.png",1920,1080,false],"thumbnail":["https:\/\/elconquistadorredloslagos.cl\/test\/wp-content\/uploads\/2025\/01\/Sin-titulo-1-120-150x150.png",150,150,true],"medium":["https:\/\/elconquistadorredloslagos.cl\/test\/wp-content\/uploads\/2025\/01\/Sin-titulo-1-120-300x169.png",300,169,true],"large":["https:\/\/elconquistadorredloslagos.cl\/test\/wp-content\/uploads\/2025\/01\/Sin-titulo-1-120-1024x576.png",1024,576,true],"1536x1536":["https:\/\/elconquistadorredloslagos.cl\/test\/wp-content\/uploads\/2025\/01\/Sin-titulo-1-120-1536x864.png",1536,864,true],"2048x2048":["https:\/\/elconquistadorredloslagos.cl\/test\/wp-content\/uploads\/2025\/01\/Sin-titulo-1-120.png",1920,1080,false]},"rttpg_author":{"display_name":"ccardenas","author_link":"https:\/\/elconquistadorredloslagos.cl\/test\/blog\/author\/ccardenas\/"},"rttpg_comment":0,"rttpg_category":"<a href=\"https:\/\/elconquistadorredloslagos.cl\/test\/blog\/category\/actual\/acontecer\/\" rel=\"category tag\">Acontecer<\/a> <a href=\"https:\/\/elconquistadorredloslagos.cl\/test\/blog\/category\/actual\/\" rel=\"category tag\">Actualidad<\/a>","rttpg_excerpt":"Como parte de un trabajo interinstitucional entre Aduanas, Armada, PDI y Fiscal\u00eda, fue detenido un imputado de 27 a\u00f1os, extranjero, quien manten\u00eda residencia en la ciudad de Castro y el..","_links":{"self":[{"href":"https:\/\/elconquistadorredloslagos.cl\/test\/wp-json\/wp\/v2\/posts\/6984","targetHints":{"allow":["GET"]}}],"collection":[{"href":"https:\/\/elconquistadorredloslagos.cl\/test\/wp-json\/wp\/v2\/posts"}],"about":[{"href":"https:\/\/elconquistadorredloslagos.cl\/test\/wp-json\/wp\/v2\/types\/post"}],"author":[{"embeddable":true,"href":"https:\/\/elconquistadorredloslagos.cl\/test\/wp-json\/wp\/v2\/users\/2"}],"replies":[{"embeddable":true,"href":"https:\/\/elconquistadorredloslagos.cl\/test\/wp-json\/wp\/v2\/comments?post=6984"}],"version-history":[{"count":1,"href":"https:\/\/elconquistadorredloslagos.cl\/test\/wp-json\/wp\/v2\/posts\/6984\/revisions"}],"predecessor-version":[{"id":6989,"href":"https:\/\/elconquistadorredloslagos.cl\/test\/wp-json\/wp\/v2\/posts\/6984\/revisions\/6989"}],"wp:featuredmedia":[{"embeddable":true,"href":"https:\/\/elconquistadorredloslagos.cl\/test\/wp-json\/wp\/v2\/media\/6988"}],"wp:attachment":[{"href":"https:\/\/elconquistadorredloslagos.cl\/test\/wp-json\/wp\/v2\/media?parent=6984"}],"wp:term":[{"taxonomy":"category","embeddable":true,"href":"https:\/\/elconquistadorredloslagos.cl\/test\/wp-json\/wp\/v2\/categories?post=6984"},{"taxonomy":"post_tag","embeddable":true,"href":"https:\/\/elconquistadorredloslagos.cl\/test\/wp-json\/wp\/v2\/tags?post=6984"}],"curies":[{"name":"wp","href":"https:\/\/api.w.org\/{rel}","templated":true}]}}