{"id":6976,"date":"2025-01-28T15:07:26","date_gmt":"2025-01-28T18:07:26","guid":{"rendered":"https:\/\/elconquistadorredloslagos.cl\/test\/?p=6976"},"modified":"2025-01-28T15:07:27","modified_gmt":"2025-01-28T18:07:27","slug":"incendio-industrial-afecta-a-instalaciones-de-empresa-en-sector-las-canuelas","status":"publish","type":"post","link":"https:\/\/elconquistadorredloslagos.cl\/test\/blog\/2025\/01\/28\/incendio-industrial-afecta-a-instalaciones-de-empresa-en-sector-las-canuelas\/","title":{"rendered":"Incendio industrial afecta a instalaciones de empresa en sector Las Ca\u00f1uelas"},"content":{"rendered":"\n<p>Un incendio de grandes proporciones afectando las instalaciones de una bodega contenedora de pl\u00e1sticos en el sector Las Ca\u00f1uelas, a la altura de la Ruta 5 Sur en Puerto Montt.<\/p>\n\n\n\n<p>Seg\u00fan se ha reportado, el fuego ha generado una gran columna de humo visible desde distintos puntos de la capital regional. Producto de la emergencia y de acuerdo a los antecedentes preliminares, se estar\u00edan quemando pl\u00e1sticos, espec\u00edficamente boyas.<\/p>\n\n\n\n<p>El director regional (s) de Senapred en Los Lagos, Cristian Gonz\u00e1lez, se\u00f1al\u00f3 que distintos organismos est\u00e1n desplegados.<\/p>\n\n\n\n<figure class=\"wp-block-audio\"><audio controls src=\"https:\/\/elconquistadorredloslagos.cl\/test\/wp-content\/uploads\/2025\/01\/CRISTIAN-GONZALEZ.mp3\"><\/audio><\/figure>\n\n\n\n<p>En esta misma l\u00ednea, la delegada presidencial regional, Paulina Mu\u00f1oz, se\u00f1al\u00f3 que se trata de una situaci\u00f3n que se est\u00e1 monitoreando constantemente para evitar afectaciones a la comunidad.<\/p>\n\n\n\n<figure class=\"wp-block-audio\"><audio controls src=\"https:\/\/elconquistadorredloslagos.cl\/test\/wp-content\/uploads\/2025\/01\/DELAGADA.ogg\"><\/audio><\/figure>\n\n\n\n<p>En tanto Roberto Angulo, comandante del Cuerpo de Bomberos de Puerto Montt, indic\u00f3 que se trabaja en la contenci\u00f3n del siniestro para evitar su propagaci\u00f3n a viviendas contiguas.<\/p>\n\n\n\n<figure class=\"wp-block-audio\"><audio controls src=\"https:\/\/elconquistadorredloslagos.cl\/test\/wp-content\/uploads\/2025\/01\/BOMBEROS.mp3\"><\/audio><\/figure>\n\n\n\n<p>Hasta ahora se registra una persona lesionada, debiendo ser atendida por el SAMU producto de una quemadura.<\/p>\n\n\n\n<p>VIDEO: Redes sociales<\/p>\n\n\n\n<figure class=\"wp-block-embed is-type-rich is-provider-gestor-del-servicio wp-block-embed-gestor-del-servicio\"><div class=\"wp-block-embed__wrapper\">\n<div style=\"width: 640px;\" class=\"wp-video\"><video class=\"wp-video-shortcode\" id=\"video-6976-1\" width=\"640\" height=\"360\" preload=\"metadata\" controls=\"controls\"><source type=\"video\/mp4\" src=\"https:\/\/elconquistadorredloslagos.cl\/test\/md\/incendiolasca\u00f1uelas.mp4?_=1\" \/><a href=\"https:\/\/elconquistadorredloslagos.cl\/test\/md\/incendiolasca\u00f1uelas.mp4\">https:\/\/elconquistadorredloslagos.cl\/test\/md\/incendiolasca\u00f1uelas.mp4<\/a><\/video><\/div>\n<\/div><\/figure>\n","protected":false},"excerpt":{"rendered":"<p>Un incendio de grandes proporciones afectando las instalaciones de una bodega contenedora de pl\u00e1sticos en el sector Las Ca\u00f1uelas, a la altura de la Ruta 5 Sur en Puerto Montt&#8230;<\/p>\n","protected":false},"author":2,"featured_media":6980,"comment_status":"closed","ping_status":"open","sticky":false,"template":"","format":"standard","meta":{"footnotes":""},"categories":[1,28],"tags":[],"class_list":["post-6976","post","type-post","status-publish","format-standard","has-post-thumbnail","hentry","category-acontecer","category-actual"],"rttpg_featured_image_url":{"full":["https:\/\/elconquistadorredloslagos.cl\/test\/wp-content\/uploads\/2025\/01\/Sin-titulo-1-119.png",1920,1080,false],"landscape":["https:\/\/elconquistadorredloslagos.cl\/test\/wp-content\/uploads\/2025\/01\/Sin-titulo-1-119.png",1920,1080,false],"portraits":["https:\/\/elconquistadorredloslagos.cl\/test\/wp-content\/uploads\/2025\/01\/Sin-titulo-1-119.png",1920,1080,false],"thumbnail":["https:\/\/elconquistadorredloslagos.cl\/test\/wp-content\/uploads\/2025\/01\/Sin-titulo-1-119-150x150.png",150,150,true],"medium":["https:\/\/elconquistadorredloslagos.cl\/test\/wp-content\/uploads\/2025\/01\/Sin-titulo-1-119-300x169.png",300,169,true],"large":["https:\/\/elconquistadorredloslagos.cl\/test\/wp-content\/uploads\/2025\/01\/Sin-titulo-1-119-1024x576.png",1024,576,true],"1536x1536":["https:\/\/elconquistadorredloslagos.cl\/test\/wp-content\/uploads\/2025\/01\/Sin-titulo-1-119-1536x864.png",1536,864,true],"2048x2048":["https:\/\/elconquistadorredloslagos.cl\/test\/wp-content\/uploads\/2025\/01\/Sin-titulo-1-119.png",1920,1080,false]},"rttpg_author":{"display_name":"ccardenas","author_link":"https:\/\/elconquistadorredloslagos.cl\/test\/blog\/author\/ccardenas\/"},"rttpg_comment":0,"rttpg_category":"<a href=\"https:\/\/elconquistadorredloslagos.cl\/test\/blog\/category\/actual\/acontecer\/\" rel=\"category tag\">Acontecer<\/a> <a href=\"https:\/\/elconquistadorredloslagos.cl\/test\/blog\/category\/actual\/\" rel=\"category tag\">Actualidad<\/a>","rttpg_excerpt":"Un incendio de grandes proporciones afectando las instalaciones de una bodega contenedora de pl\u00e1sticos en el sector Las Ca\u00f1uelas, a la altura de la Ruta 5 Sur en Puerto Montt...","_links":{"self":[{"href":"https:\/\/elconquistadorredloslagos.cl\/test\/wp-json\/wp\/v2\/posts\/6976","targetHints":{"allow":["GET"]}}],"collection":[{"href":"https:\/\/elconquistadorredloslagos.cl\/test\/wp-json\/wp\/v2\/posts"}],"about":[{"href":"https:\/\/elconquistadorredloslagos.cl\/test\/wp-json\/wp\/v2\/types\/post"}],"author":[{"embeddable":true,"href":"https:\/\/elconquistadorredloslagos.cl\/test\/wp-json\/wp\/v2\/users\/2"}],"replies":[{"embeddable":true,"href":"https:\/\/elconquistadorredloslagos.cl\/test\/wp-json\/wp\/v2\/comments?post=6976"}],"version-history":[{"count":1,"href":"https:\/\/elconquistadorredloslagos.cl\/test\/wp-json\/wp\/v2\/posts\/6976\/revisions"}],"predecessor-version":[{"id":6981,"href":"https:\/\/elconquistadorredloslagos.cl\/test\/wp-json\/wp\/v2\/posts\/6976\/revisions\/6981"}],"wp:featuredmedia":[{"embeddable":true,"href":"https:\/\/elconquistadorredloslagos.cl\/test\/wp-json\/wp\/v2\/media\/6980"}],"wp:attachment":[{"href":"https:\/\/elconquistadorredloslagos.cl\/test\/wp-json\/wp\/v2\/media?parent=6976"}],"wp:term":[{"taxonomy":"category","embeddable":true,"href":"https:\/\/elconquistadorredloslagos.cl\/test\/wp-json\/wp\/v2\/categories?post=6976"},{"taxonomy":"post_tag","embeddable":true,"href":"https:\/\/elconquistadorredloslagos.cl\/test\/wp-json\/wp\/v2\/tags?post=6976"}],"curies":[{"name":"wp","href":"https:\/\/api.w.org\/{rel}","templated":true}]}}