{"id":6971,"date":"2025-01-28T14:32:03","date_gmt":"2025-01-28T17:32:03","guid":{"rendered":"https:\/\/elconquistadorredloslagos.cl\/test\/?p=6971"},"modified":"2025-01-28T14:32:03","modified_gmt":"2025-01-28T17:32:03","slug":"gobierno-promulga-ministerio-de-seguridad-publica","status":"publish","type":"post","link":"https:\/\/elconquistadorredloslagos.cl\/test\/blog\/2025\/01\/28\/gobierno-promulga-ministerio-de-seguridad-publica\/","title":{"rendered":"Gobierno promulga Ministerio de Seguridad P\u00fablica"},"content":{"rendered":"\n<p>El Presidente de la Rep\u00fablica, Gabriel Boric Font, encabez\u00f3 la promulgaci\u00f3n de la ley que crea el Ministerio de Seguridad P\u00fablica, nueva Secretar\u00eda de Estado a cargo de resguardar, mantener y promover la seguridad y el orden p\u00fablico, la prevenci\u00f3n del delito y la protecci\u00f3n de las personas.<\/p>\n\n\n\n<p>Este nuevo ministerio, que es parte de la estrategia del Gobierno para contar con un Estado m\u00e1s fuerte y herramientas s\u00f3lidas y eficaces para combatir el crimen y la violencia, deber\u00e1 proponer al Presidente de la Rep\u00fablica iniciativas legales, reglamentarias y administrativas en las materias de su competencia, adem\u00e1s de evaluar su aplicaci\u00f3n. Asimismo, deber\u00e1 proponer la Pol\u00edtica Nacional de Seguridad P\u00fablica, que deber\u00e1 incluir expresamente una estrategia de prevenci\u00f3n del delito, la protecci\u00f3n y atenci\u00f3n de v\u00edctimas, as\u00ed como medidas de combate y prevenci\u00f3n del crimen organizado y de actos terroristas, entre otros.<\/p>\n\n\n\n<figure class=\"wp-block-audio\"><audio controls src=\"https:\/\/elconquistadorredloslagos.cl\/test\/wp-content\/uploads\/2025\/01\/BORIC.mp3\"><\/audio><\/figure>\n\n\n\n<p>Parte de las nuevas funciones y atribuciones del Ministerio de Seguridad P\u00fablica es la creaci\u00f3n del Centro Integrado de Coordinaci\u00f3n Policial (CICPOL), unidad asesora a cargo de identificar situaciones de riesgo, coordinar operaciones policiales complejas y facilitar el intercambio de informaci\u00f3n entre sus integrantes y otras entidades p\u00fablicas y privadas.<\/p>\n\n\n\n<p>Tambi\u00e9n considera la creaci\u00f3n del Sistema Nacional de Protecci\u00f3n Ciudadana, mecanismo \u00fanico de contacto con la ciudadan\u00eda ante delitos, siniestros viales, incendios, emergencias de salud, entre otros, similar al 911 de Estados Unidos. Esto permitir\u00e1 entregar una primera respuesta coordinada entre polic\u00edas, ambulancias, seguridad municipal y Fuerzas Armadas.<\/p>\n","protected":false},"excerpt":{"rendered":"<p>El Presidente de la Rep\u00fablica, Gabriel Boric Font, encabez\u00f3 la promulgaci\u00f3n de la ley que crea el Ministerio de Seguridad P\u00fablica, nueva Secretar\u00eda de Estado a cargo de resguardar, mantener..<\/p>\n","protected":false},"author":2,"featured_media":6974,"comment_status":"closed","ping_status":"open","sticky":false,"template":"","format":"standard","meta":{"footnotes":""},"categories":[1,28],"tags":[],"class_list":["post-6971","post","type-post","status-publish","format-standard","has-post-thumbnail","hentry","category-acontecer","category-actual"],"rttpg_featured_image_url":{"full":["https:\/\/elconquistadorredloslagos.cl\/test\/wp-content\/uploads\/2025\/01\/Sin-titulo-1-118.png",1920,1080,false],"landscape":["https:\/\/elconquistadorredloslagos.cl\/test\/wp-content\/uploads\/2025\/01\/Sin-titulo-1-118.png",1920,1080,false],"portraits":["https:\/\/elconquistadorredloslagos.cl\/test\/wp-content\/uploads\/2025\/01\/Sin-titulo-1-118.png",1920,1080,false],"thumbnail":["https:\/\/elconquistadorredloslagos.cl\/test\/wp-content\/uploads\/2025\/01\/Sin-titulo-1-118-150x150.png",150,150,true],"medium":["https:\/\/elconquistadorredloslagos.cl\/test\/wp-content\/uploads\/2025\/01\/Sin-titulo-1-118-300x169.png",300,169,true],"large":["https:\/\/elconquistadorredloslagos.cl\/test\/wp-content\/uploads\/2025\/01\/Sin-titulo-1-118-1024x576.png",1024,576,true],"1536x1536":["https:\/\/elconquistadorredloslagos.cl\/test\/wp-content\/uploads\/2025\/01\/Sin-titulo-1-118-1536x864.png",1536,864,true],"2048x2048":["https:\/\/elconquistadorredloslagos.cl\/test\/wp-content\/uploads\/2025\/01\/Sin-titulo-1-118.png",1920,1080,false]},"rttpg_author":{"display_name":"ccardenas","author_link":"https:\/\/elconquistadorredloslagos.cl\/test\/blog\/author\/ccardenas\/"},"rttpg_comment":0,"rttpg_category":"<a href=\"https:\/\/elconquistadorredloslagos.cl\/test\/blog\/category\/actual\/acontecer\/\" rel=\"category tag\">Acontecer<\/a> <a href=\"https:\/\/elconquistadorredloslagos.cl\/test\/blog\/category\/actual\/\" rel=\"category tag\">Actualidad<\/a>","rttpg_excerpt":"El Presidente de la Rep\u00fablica, Gabriel Boric Font, encabez\u00f3 la promulgaci\u00f3n de la ley que crea el Ministerio de Seguridad P\u00fablica, nueva Secretar\u00eda de Estado a cargo de resguardar, mantener..","_links":{"self":[{"href":"https:\/\/elconquistadorredloslagos.cl\/test\/wp-json\/wp\/v2\/posts\/6971","targetHints":{"allow":["GET"]}}],"collection":[{"href":"https:\/\/elconquistadorredloslagos.cl\/test\/wp-json\/wp\/v2\/posts"}],"about":[{"href":"https:\/\/elconquistadorredloslagos.cl\/test\/wp-json\/wp\/v2\/types\/post"}],"author":[{"embeddable":true,"href":"https:\/\/elconquistadorredloslagos.cl\/test\/wp-json\/wp\/v2\/users\/2"}],"replies":[{"embeddable":true,"href":"https:\/\/elconquistadorredloslagos.cl\/test\/wp-json\/wp\/v2\/comments?post=6971"}],"version-history":[{"count":1,"href":"https:\/\/elconquistadorredloslagos.cl\/test\/wp-json\/wp\/v2\/posts\/6971\/revisions"}],"predecessor-version":[{"id":6975,"href":"https:\/\/elconquistadorredloslagos.cl\/test\/wp-json\/wp\/v2\/posts\/6971\/revisions\/6975"}],"wp:featuredmedia":[{"embeddable":true,"href":"https:\/\/elconquistadorredloslagos.cl\/test\/wp-json\/wp\/v2\/media\/6974"}],"wp:attachment":[{"href":"https:\/\/elconquistadorredloslagos.cl\/test\/wp-json\/wp\/v2\/media?parent=6971"}],"wp:term":[{"taxonomy":"category","embeddable":true,"href":"https:\/\/elconquistadorredloslagos.cl\/test\/wp-json\/wp\/v2\/categories?post=6971"},{"taxonomy":"post_tag","embeddable":true,"href":"https:\/\/elconquistadorredloslagos.cl\/test\/wp-json\/wp\/v2\/tags?post=6971"}],"curies":[{"name":"wp","href":"https:\/\/api.w.org\/{rel}","templated":true}]}}