{"id":6965,"date":"2025-01-28T14:20:59","date_gmt":"2025-01-28T17:20:59","guid":{"rendered":"https:\/\/elconquistadorredloslagos.cl\/test\/?p=6965"},"modified":"2025-01-28T14:20:59","modified_gmt":"2025-01-28T17:20:59","slug":"un-buzo-con-mal-de-presion-y-un-voluntario-desaparecido-las-emergencias-paralelas-del-naufragio-en-bahia-mansa","status":"publish","type":"post","link":"https:\/\/elconquistadorredloslagos.cl\/test\/blog\/2025\/01\/28\/un-buzo-con-mal-de-presion-y-un-voluntario-desaparecido-las-emergencias-paralelas-del-naufragio-en-bahia-mansa\/","title":{"rendered":"Un buzo con \u201cmal de presi\u00f3n\u201d y un voluntario desaparecido: las emergencias paralelas del naufragio en Bah\u00eda Mansa"},"content":{"rendered":"\n<p>En torno a esta misma tragedia\u00a0 y de forma paralela, se vivieron en las horas posteriores al accidente otras dos situaciones de emergencia.<\/p>\n\n\n\n<p>El primero de los hechos ocurri\u00f3 cuando se report\u00f3 la llegada de una embarcaci\u00f3n al puerto de Bah\u00eda Mansa, la cual trasladaba a uno de los buzos que se encontraba en la zona colaborando en las tareas de b\u00fasqueda de los desaparecidos, siendo v\u00edctima del denominado \u201cmal de presi\u00f3n\u201d siendo derivado hasta la C\u00e1mara Hiperb\u00e1rica del Hospital San Carlos de Ancud.<\/p>\n\n\n\n<p>Sobre esto \u00faltimo, se refiri\u00f3 la seremi de Salud Los Lagos, Karin Sol\u00eds, quien adem\u00e1s hizo hincapi\u00e9 en las labores de atenci\u00f3n para los 27 sobrevivientes del hundimiento.<\/p>\n\n\n\n<figure class=\"wp-block-audio\"><audio controls src=\"https:\/\/elconquistadorredloslagos.cl\/test\/wp-content\/uploads\/2025\/01\/KARIN-SOLIS.mp3\"><\/audio><\/figure>\n\n\n\n<p>La segunda situaci\u00f3n tuvo lugar cuando autoridades de la Armada dieron a conocer la desaparici\u00f3n de una persona que voluntariamente sali\u00f3 en b\u00fasqueda de quienes hab\u00edan naufragado, existiendo incluso una \u201cdenuncia por presunta desgracia\u201d. En este sentido, momentos m\u00e1s tarde la fiscal jefa de Osorno, Mar\u00eda de Miguel, se\u00f1al\u00f3 que este individuo \u201csali\u00f3 en b\u00fasqueda de las personas que estaban desaparecidas y apareci\u00f3 con vida, en buen estado y va a ser rescatado en los siguientes minutos\u201d.<\/p>\n","protected":false},"excerpt":{"rendered":"<p>En torno a esta misma tragedia\u00a0 y de forma paralela, se vivieron en las horas posteriores al accidente otras dos situaciones de emergencia. El primero de los hechos ocurri\u00f3 cuando..<\/p>\n","protected":false},"author":2,"featured_media":6968,"comment_status":"closed","ping_status":"open","sticky":false,"template":"","format":"standard","meta":{"footnotes":""},"categories":[1,28],"tags":[],"class_list":["post-6965","post","type-post","status-publish","format-standard","has-post-thumbnail","hentry","category-acontecer","category-actual"],"rttpg_featured_image_url":{"full":["https:\/\/elconquistadorredloslagos.cl\/test\/wp-content\/uploads\/2025\/01\/Sin-titulo-1-117.png",1920,1080,false],"landscape":["https:\/\/elconquistadorredloslagos.cl\/test\/wp-content\/uploads\/2025\/01\/Sin-titulo-1-117.png",1920,1080,false],"portraits":["https:\/\/elconquistadorredloslagos.cl\/test\/wp-content\/uploads\/2025\/01\/Sin-titulo-1-117.png",1920,1080,false],"thumbnail":["https:\/\/elconquistadorredloslagos.cl\/test\/wp-content\/uploads\/2025\/01\/Sin-titulo-1-117-150x150.png",150,150,true],"medium":["https:\/\/elconquistadorredloslagos.cl\/test\/wp-content\/uploads\/2025\/01\/Sin-titulo-1-117-300x169.png",300,169,true],"large":["https:\/\/elconquistadorredloslagos.cl\/test\/wp-content\/uploads\/2025\/01\/Sin-titulo-1-117-1024x576.png",1024,576,true],"1536x1536":["https:\/\/elconquistadorredloslagos.cl\/test\/wp-content\/uploads\/2025\/01\/Sin-titulo-1-117-1536x864.png",1536,864,true],"2048x2048":["https:\/\/elconquistadorredloslagos.cl\/test\/wp-content\/uploads\/2025\/01\/Sin-titulo-1-117.png",1920,1080,false]},"rttpg_author":{"display_name":"ccardenas","author_link":"https:\/\/elconquistadorredloslagos.cl\/test\/blog\/author\/ccardenas\/"},"rttpg_comment":0,"rttpg_category":"<a href=\"https:\/\/elconquistadorredloslagos.cl\/test\/blog\/category\/actual\/acontecer\/\" rel=\"category tag\">Acontecer<\/a> <a href=\"https:\/\/elconquistadorredloslagos.cl\/test\/blog\/category\/actual\/\" rel=\"category tag\">Actualidad<\/a>","rttpg_excerpt":"En torno a esta misma tragedia\u00a0 y de forma paralela, se vivieron en las horas posteriores al accidente otras dos situaciones de emergencia. El primero de los hechos ocurri\u00f3 cuando..","_links":{"self":[{"href":"https:\/\/elconquistadorredloslagos.cl\/test\/wp-json\/wp\/v2\/posts\/6965","targetHints":{"allow":["GET"]}}],"collection":[{"href":"https:\/\/elconquistadorredloslagos.cl\/test\/wp-json\/wp\/v2\/posts"}],"about":[{"href":"https:\/\/elconquistadorredloslagos.cl\/test\/wp-json\/wp\/v2\/types\/post"}],"author":[{"embeddable":true,"href":"https:\/\/elconquistadorredloslagos.cl\/test\/wp-json\/wp\/v2\/users\/2"}],"replies":[{"embeddable":true,"href":"https:\/\/elconquistadorredloslagos.cl\/test\/wp-json\/wp\/v2\/comments?post=6965"}],"version-history":[{"count":1,"href":"https:\/\/elconquistadorredloslagos.cl\/test\/wp-json\/wp\/v2\/posts\/6965\/revisions"}],"predecessor-version":[{"id":6969,"href":"https:\/\/elconquistadorredloslagos.cl\/test\/wp-json\/wp\/v2\/posts\/6965\/revisions\/6969"}],"wp:featuredmedia":[{"embeddable":true,"href":"https:\/\/elconquistadorredloslagos.cl\/test\/wp-json\/wp\/v2\/media\/6968"}],"wp:attachment":[{"href":"https:\/\/elconquistadorredloslagos.cl\/test\/wp-json\/wp\/v2\/media?parent=6965"}],"wp:term":[{"taxonomy":"category","embeddable":true,"href":"https:\/\/elconquistadorredloslagos.cl\/test\/wp-json\/wp\/v2\/categories?post=6965"},{"taxonomy":"post_tag","embeddable":true,"href":"https:\/\/elconquistadorredloslagos.cl\/test\/wp-json\/wp\/v2\/tags?post=6965"}],"curies":[{"name":"wp","href":"https:\/\/api.w.org\/{rel}","templated":true}]}}