{"id":6962,"date":"2025-01-28T13:58:46","date_gmt":"2025-01-28T16:58:46","guid":{"rendered":"https:\/\/elconquistadorredloslagos.cl\/test\/?p=6962"},"modified":"2025-01-28T15:21:35","modified_gmt":"2025-01-28T18:21:35","slug":"revelan-impactante-audio-de-naufragio-en-bahia-mansa-estamos-en-el-mar-nos-estamos-ahogando","status":"publish","type":"post","link":"https:\/\/elconquistadorredloslagos.cl\/test\/blog\/2025\/01\/28\/revelan-impactante-audio-de-naufragio-en-bahia-mansa-estamos-en-el-mar-nos-estamos-ahogando\/","title":{"rendered":"Revelan impactante audio de naufragio en Bah\u00eda Mansa: \u201c\u00a1Estamos en el mar, nos estamos ahogando!\u201d"},"content":{"rendered":"\n<p>Conmoci\u00f3n a nivel nacional ha causado la tragedia mar\u00edtima que involucr\u00f3 a la lancha R\u00edo Cholguaco que naufrag\u00f3 en la zona de Bah\u00eda Mansa.<\/p>\n\n\n\n<p>Se trataba de una embarcaci\u00f3n con fines tur\u00edsticos que parti\u00f3 desde Caleta C\u00f3ndor, hundi\u00e9ndose por ir sobrepasada de pasajeros. R\u00e1pidamente las autoridades locales iniciaron operaciones de b\u00fasqueda y rescate de las 34 personas que iban a bordo de la nave, confirm\u00e1ndose el fallecimiento de 7 pasajeros.<\/p>\n\n\n\n<p>En las \u00faltimas horas, se hizo p\u00fablico un impactante audio que da cuenta de la llamada que realiz\u00f3 un sobreviviente del naufragio a personal de Bomberos. En medio de la desesperaci\u00f3n, esta persona logr\u00f3 compartir las coordenadas del sitio exacto donde se encontraban. Eso s\u00ed, hizo hincapi\u00e9 en la urgencia de la emergencia -dado que en ese minuto- algunas personas se estaban ahogando.<\/p>\n\n\n\n<p><strong>LLAMADO<\/strong><\/p>\n\n\n\n<p>De acuerdo a la informaci\u00f3n que se maneja hasta ahora, la llamada se realiz\u00f3 cuando la nave se hund\u00eda y algunas personas ya se encontraban luchando por su vida en el mar.<\/p>\n\n\n\n<p><strong>Bomberos: <\/strong>Bomberos&#8230; \u00bfCu\u00e1l es su emergencia?, al\u00f3, al\u00f3 \u00bfes emergencia? \u00bfCu\u00e1l es su emergencia?<\/p>\n\n\n\n<p><strong>Sobreviviente: <\/strong>Estamos en la embarcaci\u00f3n, se ha dado vuelta. Estamos aqu\u00ed, naufragamos. Estamos en coordenadas 40 grados, 37 minutos<\/p>\n\n\n\n<p><strong>Bomberos:<\/strong> Caballero, no le entiendo nada<\/p>\n\n\n\n<p><strong>Sobreviviente: <\/strong>Oeste entre 73 con 47, 60 minutos<\/p>\n\n\n\n<p><strong>Bomberos:<\/strong> Caballero, no le entiendo nada<\/p>\n\n\n\n<p><strong>Sobreviviente: <\/strong>Naufragamos, estamos en el mar<\/p>\n\n\n\n<p><strong>Sobreviviente: <\/strong>Naufragamos<\/p>\n\n\n\n<p><strong>Bomberos: <\/strong>\u00bfEn qu\u00e9 parte est\u00e1n?<\/p>\n\n\n\n<p><strong>Sobreviviente:<\/strong> Estamos en coordenadas 40 grados, 37 minutos, 73 segundos. Oeste, 73 grados, 47 minutos, 68 segundos<\/p>\n\n\n\n<p><strong>Sobreviviente: <\/strong>Estamos en el mar, nos estamos ahogando. Es una embarcaci\u00f3n completa<\/p>\n\n\n\n<p><strong>ESCUCHA EL LLAMADO<\/strong><\/p>\n\n\n\n<figure class=\"wp-block-embed is-type-rich is-provider-gestor-del-servicio wp-block-embed-gestor-del-servicio\"><div class=\"wp-block-embed__wrapper\">\n<div style=\"width: 640px;\" class=\"wp-video\"><video class=\"wp-video-shortcode\" id=\"video-6962-1\" width=\"640\" height=\"360\" preload=\"metadata\" controls=\"controls\"><source type=\"video\/mp4\" src=\"https:\/\/elconquistadorredloslagos.cl\/test\/md\/audionaufragio.mp4?_=1\" \/><a href=\"https:\/\/elconquistadorredloslagos.cl\/test\/md\/audionaufragio.mp4\">https:\/\/elconquistadorredloslagos.cl\/test\/md\/audionaufragio.mp4<\/a><\/video><\/div>\n<\/div><\/figure>\n\n\n\n<p>El patr\u00f3n de lancha naufragada ser\u00e1 formalizado por cuasidelito de homicidio.<\/p>\n","protected":false},"excerpt":{"rendered":"<p>Conmoci\u00f3n a nivel nacional ha causado la tragedia mar\u00edtima que involucr\u00f3 a la lancha R\u00edo Cholguaco que naufrag\u00f3 en la zona de Bah\u00eda Mansa. Se trataba de una embarcaci\u00f3n con..<\/p>\n","protected":false},"author":2,"featured_media":6963,"comment_status":"closed","ping_status":"open","sticky":false,"template":"","format":"standard","meta":{"footnotes":""},"categories":[1,28],"tags":[],"class_list":["post-6962","post","type-post","status-publish","format-standard","has-post-thumbnail","hentry","category-acontecer","category-actual"],"rttpg_featured_image_url":{"full":["https:\/\/elconquistadorredloslagos.cl\/test\/wp-content\/uploads\/2025\/01\/New-Movie-6.Movie_Instantanea.jpg",1920,1080,false],"landscape":["https:\/\/elconquistadorredloslagos.cl\/test\/wp-content\/uploads\/2025\/01\/New-Movie-6.Movie_Instantanea.jpg",1920,1080,false],"portraits":["https:\/\/elconquistadorredloslagos.cl\/test\/wp-content\/uploads\/2025\/01\/New-Movie-6.Movie_Instantanea.jpg",1920,1080,false],"thumbnail":["https:\/\/elconquistadorredloslagos.cl\/test\/wp-content\/uploads\/2025\/01\/New-Movie-6.Movie_Instantanea-150x150.jpg",150,150,true],"medium":["https:\/\/elconquistadorredloslagos.cl\/test\/wp-content\/uploads\/2025\/01\/New-Movie-6.Movie_Instantanea-300x169.jpg",300,169,true],"large":["https:\/\/elconquistadorredloslagos.cl\/test\/wp-content\/uploads\/2025\/01\/New-Movie-6.Movie_Instantanea-1024x576.jpg",1024,576,true],"1536x1536":["https:\/\/elconquistadorredloslagos.cl\/test\/wp-content\/uploads\/2025\/01\/New-Movie-6.Movie_Instantanea-1536x864.jpg",1536,864,true],"2048x2048":["https:\/\/elconquistadorredloslagos.cl\/test\/wp-content\/uploads\/2025\/01\/New-Movie-6.Movie_Instantanea.jpg",1920,1080,false]},"rttpg_author":{"display_name":"ccardenas","author_link":"https:\/\/elconquistadorredloslagos.cl\/test\/blog\/author\/ccardenas\/"},"rttpg_comment":0,"rttpg_category":"<a href=\"https:\/\/elconquistadorredloslagos.cl\/test\/blog\/category\/actual\/acontecer\/\" rel=\"category tag\">Acontecer<\/a> <a href=\"https:\/\/elconquistadorredloslagos.cl\/test\/blog\/category\/actual\/\" rel=\"category tag\">Actualidad<\/a>","rttpg_excerpt":"Conmoci\u00f3n a nivel nacional ha causado la tragedia mar\u00edtima que involucr\u00f3 a la lancha R\u00edo Cholguaco que naufrag\u00f3 en la zona de Bah\u00eda Mansa. Se trataba de una embarcaci\u00f3n con..","_links":{"self":[{"href":"https:\/\/elconquistadorredloslagos.cl\/test\/wp-json\/wp\/v2\/posts\/6962","targetHints":{"allow":["GET"]}}],"collection":[{"href":"https:\/\/elconquistadorredloslagos.cl\/test\/wp-json\/wp\/v2\/posts"}],"about":[{"href":"https:\/\/elconquistadorredloslagos.cl\/test\/wp-json\/wp\/v2\/types\/post"}],"author":[{"embeddable":true,"href":"https:\/\/elconquistadorredloslagos.cl\/test\/wp-json\/wp\/v2\/users\/2"}],"replies":[{"embeddable":true,"href":"https:\/\/elconquistadorredloslagos.cl\/test\/wp-json\/wp\/v2\/comments?post=6962"}],"version-history":[{"count":2,"href":"https:\/\/elconquistadorredloslagos.cl\/test\/wp-json\/wp\/v2\/posts\/6962\/revisions"}],"predecessor-version":[{"id":6983,"href":"https:\/\/elconquistadorredloslagos.cl\/test\/wp-json\/wp\/v2\/posts\/6962\/revisions\/6983"}],"wp:featuredmedia":[{"embeddable":true,"href":"https:\/\/elconquistadorredloslagos.cl\/test\/wp-json\/wp\/v2\/media\/6963"}],"wp:attachment":[{"href":"https:\/\/elconquistadorredloslagos.cl\/test\/wp-json\/wp\/v2\/media?parent=6962"}],"wp:term":[{"taxonomy":"category","embeddable":true,"href":"https:\/\/elconquistadorredloslagos.cl\/test\/wp-json\/wp\/v2\/categories?post=6962"},{"taxonomy":"post_tag","embeddable":true,"href":"https:\/\/elconquistadorredloslagos.cl\/test\/wp-json\/wp\/v2\/tags?post=6962"}],"curies":[{"name":"wp","href":"https:\/\/api.w.org\/{rel}","templated":true}]}}