{"id":6961,"date":"2025-01-28T14:21:17","date_gmt":"2025-01-28T17:21:17","guid":{"rendered":"https:\/\/elconquistadorredloslagos.cl\/test\/?p=6961"},"modified":"2025-01-28T14:26:31","modified_gmt":"2025-01-28T17:26:31","slug":"fundacion-gente-del-sur-revelo-importantes-datos-sobre-vivienda-en-la-region-de-los-lagos","status":"publish","type":"post","link":"https:\/\/elconquistadorredloslagos.cl\/test\/blog\/2025\/01\/28\/fundacion-gente-del-sur-revelo-importantes-datos-sobre-vivienda-en-la-region-de-los-lagos\/","title":{"rendered":"Fundaci\u00f3n Gente del Sur revel\u00f3 importantes datos sobre vivienda en la Regi\u00f3n de Los Lagos"},"content":{"rendered":"\n<h5 class=\"wp-block-heading\"><em>En la instancia participaron autoridades como el ministro de Vivienda y Urbanismo, Carlos Montes; al senador Fidel Espinoza, el alcalde de Puerto Montt Rodrigo Wainraihgt y el presidente de la C\u00e1mara Chilena de la Construcci\u00f3n, Alfredo Echavarr\u00eda. En la actividad, adem\u00e1s, se presentaron los resultados de la Encuesta Gente del Sur-USS, que, entre sus datos arroj\u00f3 que un 75% considera que en la regi\u00f3n no hay disponibilidad suficiente de viviendas.<\/em><\/h5>\n\n\n\n<p>Distintos aspectos en materia habitacional fueron los temas que abord\u00f3 la primera Encuesta Tem\u00e1tica desarrollada en la Regi\u00f3n de Los Lagos por Fundaci\u00f3n Gente del Sur y la Universidad San Sebasti\u00e1n (USS), a trav\u00e9s de su Facultad de Econom\u00eda y Gobierno (FEG). Los resultados fueron presentados el pasado viernes 24 de enero en Puerto Montt, en el marco del Di\u00e1logo Sure\u00f1o \u201cGente del Sur: Di\u00e1logos por la Vivienda\u201d, organizado por esa instituci\u00f3n.<br>En ella participaron como panelistas el ministro de Vivienda y Urbanismo, Carlos Montes; el senador Fidel Espinoza; el alcalde de Puerto Montt, Rodrigo Wainraihgt, y el presidente de la C\u00e1mara Chilena de la Construcci\u00f3n a nivel nacional, Alfredo Echavarr\u00eda. Como p\u00fablico participaron la delegada presidencial regional de Los Lagos, Paulina Mu\u00f1oz; los diputados Alejandro Bernales y Fernando B\u00f3rquez; el seremi de Vivienda y Urbanismo, Fabi\u00e1n Nail; la directora regional del Serviu, Isabel de la Vega; representantes de gremios, dirigentes sociales y empresarios.<\/p>\n\n\n\n<p class=\"has-text-align-center\"><strong>Vivienda en la regi\u00f3n<\/strong><\/p>\n\n\n\n<p>Durante la actividad, Hardy Knittel, director ejecutivo de la fundaci\u00f3n, dio a conocer los resultados de la Encuesta Gente del Sur-USS que midi\u00f3 percepciones sobre temas de vivienda que preocupan a la Regi\u00f3n de Los Lagos. La encuesta combina los datos levantados en la Quinta Encuesta Gente del Sur-USS, realizada en noviembre de 2024, con una segunda medici\u00f3n efectuada en enero de 2025.<br>En noviembre, un 67,9% de los encuestados respondi\u00f3 vivir en una casa propia, un 17,3% en una vivienda arrendada y un 14,8% en condici\u00f3n de allegado. Respecto a la disponibilidad de viviendas, un 75% considera que no existen suficientes en la regi\u00f3n.<br>En cuanto a las razones de la falta de disponibilidad, un 60,1% considera que la dificultad para acceder a un cr\u00e9dito hipotecario impacta en el desarrollo de nuevos proyectos inmobiliarios, un 55,9% que mucha gente ha llegado a vivir a la regi\u00f3n y la oferta de vivienda no da abasto, un 47,1% cree que es por lentitud en los tr\u00e1mites para acceder a un subsidio habitacional, un 44,6% que existe excesiva burocracia en los tr\u00e1mites para aprobar nuevos proyectos inmobiliarios y un 29,3% estima que es por falta de terrenos adecuados.<br>En enero, al ser consultados por el nivel de satisfacci\u00f3n con su situaci\u00f3n actual de vivienda, un 47,7% de los encuestados se declar\u00f3 insatisfecho o muy insatisfecho, mientras que un 33,1% se considera satisfecho o muy satisfecho.<br>El muestreo tambi\u00e9n arroj\u00f3 que el sue\u00f1o de la casa propia contin\u00faa arraigado en las familias de la Regi\u00f3n de Los Lagos. Un 66,6% mostr\u00f3 su preferencia por comprar una vivienda a la hora de definir d\u00f3nde vivir, y s\u00f3lo un 14,2% se inclin\u00f3 por arrendar.<br>Ante la oferta fuera de la ciudad de una vivienda de mejor calidad a la que ocupa actualmente, un 67,3% tomar\u00eda la opci\u00f3n de trasladarse a vivir a ella y un 32,7% permanecer\u00eda en la urbe. Sobre las condiciones para vivir fuera de los l\u00edmites urbanos, un 58,2% cambiar\u00eda su opini\u00f3n de no querer comprar o arrendar una vivienda fuera de la ciudad si le garantizaran v\u00edas de acceso expeditas.<br>Los principales factores para decidir d\u00f3nde vivir son la seguridad de la zona (59,8%), el precio del arriendo o dividendo (51,8%), la conectividad con el transporte p\u00fablico (44%) y la cercan\u00eda al trabajo (38,2%), entre otros.<\/p>\n\n\n\n<p>Al respecto el ministro de Vivienda y Urbanismo, Carlos Montes, toc\u00f3 los diferentes aspectos de los resultados de la primera Encuesta Tem\u00e1tica de Gente del Sur.<br>\u201cLa encuesta yo la estudi\u00e9 y me llam\u00f3 mucho la atenci\u00f3n una cifra que tiene la encuesta: que el 67,9% de las personas tienen vivienda propia. Esto es un porcentaje bastante alto respecto a los promedios nacionales. Bueno, mi impresi\u00f3n de hacer esta encuesta es que es fundamental para todo Chile. O sea, yo creo que en el campo de ciudad y vivienda se requiere mucho m\u00e1s debate, mucho m\u00e1s conocimiento, mucha m\u00e1s diversidad de opiniones\u201d, expres\u00f3 el secretario de Estado.<\/p>\n\n\n\n<p>Publicado por E.DelaHoz. Fuente: Comunicado. Foto: Cedida.<\/p>\n","protected":false},"excerpt":{"rendered":"<p>En la instancia participaron autoridades como el ministro de Vivienda y Urbanismo, Carlos Montes; al senador Fidel Espinoza, el alcalde de Puerto Montt Rodrigo Wainraihgt y el presidente de la..<\/p>\n","protected":false},"author":7,"featured_media":6967,"comment_status":"closed","ping_status":"open","sticky":false,"template":"","format":"standard","meta":{"footnotes":""},"categories":[1],"tags":[],"class_list":["post-6961","post","type-post","status-publish","format-standard","has-post-thumbnail","hentry","category-acontecer"],"rttpg_featured_image_url":{"full":["https:\/\/elconquistadorredloslagos.cl\/test\/wp-content\/uploads\/2025\/01\/vivienda.png",1920,1080,false],"landscape":["https:\/\/elconquistadorredloslagos.cl\/test\/wp-content\/uploads\/2025\/01\/vivienda.png",1920,1080,false],"portraits":["https:\/\/elconquistadorredloslagos.cl\/test\/wp-content\/uploads\/2025\/01\/vivienda.png",1920,1080,false],"thumbnail":["https:\/\/elconquistadorredloslagos.cl\/test\/wp-content\/uploads\/2025\/01\/vivienda-150x150.png",150,150,true],"medium":["https:\/\/elconquistadorredloslagos.cl\/test\/wp-content\/uploads\/2025\/01\/vivienda-300x169.png",300,169,true],"large":["https:\/\/elconquistadorredloslagos.cl\/test\/wp-content\/uploads\/2025\/01\/vivienda-1024x576.png",1024,576,true],"1536x1536":["https:\/\/elconquistadorredloslagos.cl\/test\/wp-content\/uploads\/2025\/01\/vivienda-1536x864.png",1536,864,true],"2048x2048":["https:\/\/elconquistadorredloslagos.cl\/test\/wp-content\/uploads\/2025\/01\/vivienda.png",1920,1080,false]},"rttpg_author":{"display_name":"enzodelahoz1988","author_link":"https:\/\/elconquistadorredloslagos.cl\/test\/blog\/author\/enzodelahoz1988\/"},"rttpg_comment":0,"rttpg_category":"<a href=\"https:\/\/elconquistadorredloslagos.cl\/test\/blog\/category\/actual\/acontecer\/\" rel=\"category tag\">Acontecer<\/a>","rttpg_excerpt":"En la instancia participaron autoridades como el ministro de Vivienda y Urbanismo, Carlos Montes; al senador Fidel Espinoza, el alcalde de Puerto Montt Rodrigo Wainraihgt y el presidente de la..","_links":{"self":[{"href":"https:\/\/elconquistadorredloslagos.cl\/test\/wp-json\/wp\/v2\/posts\/6961","targetHints":{"allow":["GET"]}}],"collection":[{"href":"https:\/\/elconquistadorredloslagos.cl\/test\/wp-json\/wp\/v2\/posts"}],"about":[{"href":"https:\/\/elconquistadorredloslagos.cl\/test\/wp-json\/wp\/v2\/types\/post"}],"author":[{"embeddable":true,"href":"https:\/\/elconquistadorredloslagos.cl\/test\/wp-json\/wp\/v2\/users\/7"}],"replies":[{"embeddable":true,"href":"https:\/\/elconquistadorredloslagos.cl\/test\/wp-json\/wp\/v2\/comments?post=6961"}],"version-history":[{"count":2,"href":"https:\/\/elconquistadorredloslagos.cl\/test\/wp-json\/wp\/v2\/posts\/6961\/revisions"}],"predecessor-version":[{"id":6972,"href":"https:\/\/elconquistadorredloslagos.cl\/test\/wp-json\/wp\/v2\/posts\/6961\/revisions\/6972"}],"wp:featuredmedia":[{"embeddable":true,"href":"https:\/\/elconquistadorredloslagos.cl\/test\/wp-json\/wp\/v2\/media\/6967"}],"wp:attachment":[{"href":"https:\/\/elconquistadorredloslagos.cl\/test\/wp-json\/wp\/v2\/media?parent=6961"}],"wp:term":[{"taxonomy":"category","embeddable":true,"href":"https:\/\/elconquistadorredloslagos.cl\/test\/wp-json\/wp\/v2\/categories?post=6961"},{"taxonomy":"post_tag","embeddable":true,"href":"https:\/\/elconquistadorredloslagos.cl\/test\/wp-json\/wp\/v2\/tags?post=6961"}],"curies":[{"name":"wp","href":"https:\/\/api.w.org\/{rel}","templated":true}]}}