{"id":6940,"date":"2025-01-27T16:45:44","date_gmt":"2025-01-27T19:45:44","guid":{"rendered":"https:\/\/elconquistadorredloslagos.cl\/test\/?p=6940"},"modified":"2025-01-27T16:45:45","modified_gmt":"2025-01-27T19:45:45","slug":"mundo-cerca-de-1000-migrantes-detenidos-en-primera-jornada-con-las-nuevas-politicas-migratorias-de-trump","status":"publish","type":"post","link":"https:\/\/elconquistadorredloslagos.cl\/test\/blog\/2025\/01\/27\/mundo-cerca-de-1000-migrantes-detenidos-en-primera-jornada-con-las-nuevas-politicas-migratorias-de-trump\/","title":{"rendered":"Mundo: Cerca de 1000 migrantes detenidos en primera jornada con las nuevas pol\u00edticas migratorias de Trump"},"content":{"rendered":"\n<h5 class=\"wp-block-heading\"><em>Esta pol\u00edtica migratoria implementada en el segundo mandato de Donald Trump,  ha generado amplio rechazo en diversos sectores de la sociedad, incluidos mandatarios y l\u00edderes religiosos.<\/em><\/h5>\n\n\n\n<p>Las autoridades de Estados Unidos han reportado la detenci\u00f3n de 956 migrantes indocumentados durante la jornada de este domingo, como parte de las nuevas y estrictas pol\u00edticas migratorias implementadas bajo la administraci\u00f3n del presidente Donald Trump.<\/p>\n\n\n\n<p>Fue a trav\u00e9s de la cuenta oficial en X del Servicio de Inmigraci\u00f3n y Control de Aduanas de EE. UU. (ICE), se detall\u00f3 la informaci\u00f3n sobre las detenciones.<\/p>\n\n\n\n<p>Adem\u00e1s, se inform\u00f3 que se han cursado 554 solicitudes de retenci\u00f3n por deportaci\u00f3n a otras fuerzas de seguridad, lo que eleva el total de arrestos a 2.373 desde el inicio del mandato de Trump.<\/p>\n\n\n\n<p>Desde su asunci\u00f3n al cargo, el presidente ha cumplido su promesa de implementar pol\u00edticas migratorias m\u00e1s severas, centradas en la detenci\u00f3n y deportaci\u00f3n de migrantes indocumentados.<\/p>\n\n\n\n<p>Estas medidas tambi\u00e9n se han acompa\u00f1ado de un esfuerzo por acelerar las expulsiones, lo que ha generado un intenso debate en torno a los derechos humanos y el trato hacia los migrantes.<\/p>\n\n\n\n<p>Cabe se\u00f1alar que esta medida a generado cr\u00edtica e inconvenientes diplom\u00e1ticos tanto en Colombia como Brasil, debido al trato humillante con el que se han realizado estas deportaciones. Esto porque muchas de las personas sin antecedentes penales se les deportan esposados de pies y manos.<\/p>\n\n\n\n<p>Por E.DelaHoz. Foto C.p. <\/p>\n\n\n\n<p><\/p>\n","protected":false},"excerpt":{"rendered":"<p>Esta pol\u00edtica migratoria implementada en el segundo mandato de Donald Trump, ha generado amplio rechazo en diversos sectores de la sociedad, incluidos mandatarios y l\u00edderes religiosos. Las autoridades de Estados..<\/p>\n","protected":false},"author":7,"featured_media":6941,"comment_status":"closed","ping_status":"open","sticky":false,"template":"","format":"standard","meta":{"footnotes":""},"categories":[1],"tags":[],"class_list":["post-6940","post","type-post","status-publish","format-standard","has-post-thumbnail","hentry","category-acontecer"],"rttpg_featured_image_url":{"full":["https:\/\/elconquistadorredloslagos.cl\/test\/wp-content\/uploads\/2025\/01\/DEPORTACIONES-EEUU.png",1920,1080,false],"landscape":["https:\/\/elconquistadorredloslagos.cl\/test\/wp-content\/uploads\/2025\/01\/DEPORTACIONES-EEUU.png",1920,1080,false],"portraits":["https:\/\/elconquistadorredloslagos.cl\/test\/wp-content\/uploads\/2025\/01\/DEPORTACIONES-EEUU.png",1920,1080,false],"thumbnail":["https:\/\/elconquistadorredloslagos.cl\/test\/wp-content\/uploads\/2025\/01\/DEPORTACIONES-EEUU-150x150.png",150,150,true],"medium":["https:\/\/elconquistadorredloslagos.cl\/test\/wp-content\/uploads\/2025\/01\/DEPORTACIONES-EEUU-300x169.png",300,169,true],"large":["https:\/\/elconquistadorredloslagos.cl\/test\/wp-content\/uploads\/2025\/01\/DEPORTACIONES-EEUU-1024x576.png",1024,576,true],"1536x1536":["https:\/\/elconquistadorredloslagos.cl\/test\/wp-content\/uploads\/2025\/01\/DEPORTACIONES-EEUU-1536x864.png",1536,864,true],"2048x2048":["https:\/\/elconquistadorredloslagos.cl\/test\/wp-content\/uploads\/2025\/01\/DEPORTACIONES-EEUU.png",1920,1080,false]},"rttpg_author":{"display_name":"enzodelahoz1988","author_link":"https:\/\/elconquistadorredloslagos.cl\/test\/blog\/author\/enzodelahoz1988\/"},"rttpg_comment":0,"rttpg_category":"<a href=\"https:\/\/elconquistadorredloslagos.cl\/test\/blog\/category\/actual\/acontecer\/\" rel=\"category tag\">Acontecer<\/a>","rttpg_excerpt":"Esta pol\u00edtica migratoria implementada en el segundo mandato de Donald Trump, ha generado amplio rechazo en diversos sectores de la sociedad, incluidos mandatarios y l\u00edderes religiosos. Las autoridades de Estados..","_links":{"self":[{"href":"https:\/\/elconquistadorredloslagos.cl\/test\/wp-json\/wp\/v2\/posts\/6940","targetHints":{"allow":["GET"]}}],"collection":[{"href":"https:\/\/elconquistadorredloslagos.cl\/test\/wp-json\/wp\/v2\/posts"}],"about":[{"href":"https:\/\/elconquistadorredloslagos.cl\/test\/wp-json\/wp\/v2\/types\/post"}],"author":[{"embeddable":true,"href":"https:\/\/elconquistadorredloslagos.cl\/test\/wp-json\/wp\/v2\/users\/7"}],"replies":[{"embeddable":true,"href":"https:\/\/elconquistadorredloslagos.cl\/test\/wp-json\/wp\/v2\/comments?post=6940"}],"version-history":[{"count":1,"href":"https:\/\/elconquistadorredloslagos.cl\/test\/wp-json\/wp\/v2\/posts\/6940\/revisions"}],"predecessor-version":[{"id":6943,"href":"https:\/\/elconquistadorredloslagos.cl\/test\/wp-json\/wp\/v2\/posts\/6940\/revisions\/6943"}],"wp:featuredmedia":[{"embeddable":true,"href":"https:\/\/elconquistadorredloslagos.cl\/test\/wp-json\/wp\/v2\/media\/6941"}],"wp:attachment":[{"href":"https:\/\/elconquistadorredloslagos.cl\/test\/wp-json\/wp\/v2\/media?parent=6940"}],"wp:term":[{"taxonomy":"category","embeddable":true,"href":"https:\/\/elconquistadorredloslagos.cl\/test\/wp-json\/wp\/v2\/categories?post=6940"},{"taxonomy":"post_tag","embeddable":true,"href":"https:\/\/elconquistadorredloslagos.cl\/test\/wp-json\/wp\/v2\/tags?post=6940"}],"curies":[{"name":"wp","href":"https:\/\/api.w.org\/{rel}","templated":true}]}}