{"id":6936,"date":"2025-01-27T16:10:09","date_gmt":"2025-01-27T19:10:09","guid":{"rendered":"https:\/\/elconquistadorredloslagos.cl\/test\/?p=6936"},"modified":"2025-01-27T16:10:10","modified_gmt":"2025-01-27T19:10:10","slug":"ancud-decretan-internacion-provisoria-para-adolescente-imputado-por-homicidio","status":"publish","type":"post","link":"https:\/\/elconquistadorredloslagos.cl\/test\/blog\/2025\/01\/27\/ancud-decretan-internacion-provisoria-para-adolescente-imputado-por-homicidio\/","title":{"rendered":"Ancud: decretan internaci\u00f3n provisoria para adolescente imputado por homicidio"},"content":{"rendered":"\n<p>El Tribunal de Garant\u00eda de Ancud decret\u00f3 internaci\u00f3n provisoria en un centro para menores infractores de ley para el adolescente de 17 a\u00f1os que fue formalizado por el delito de homicidio simple en grado de consumado, hecho que tuvo lugar en villa San Juan de Dios, en el populoso sector de Altos de Caracoles en Ancud.<\/p>\n\n\n\n<p>El sujeto fue detenido el pasado s\u00e1bado, luego de presentarse voluntariamente en un cuartel policial, momentos en que era buscado por la Polic\u00eda de Investigaciones previa instrucci\u00f3n de la Fiscal\u00eda. La situaci\u00f3n ya hab\u00eda sido ampliamente difundida en redes sociales, en un video en que se apreciaba el momento exacto del ataque a la v\u00edctima. Los detalles fueron explicados por Fernando Metzner, fiscal adjunto de la Fiscal\u00eda Local de Ancud.<\/p>\n\n\n\n<figure class=\"wp-block-audio\"><audio controls src=\"https:\/\/elconquistadorredloslagos.cl\/test\/wp-content\/uploads\/2025\/01\/CUNA-FISCAL-ANCUD.mp3\"><\/audio><\/figure>\n\n\n\n<p>Junto con ello, el Ministerio P\u00fablico fij\u00f3 un plazo de investigaci\u00f3n de 100 d\u00edas para el desarrollo de las indagatorias.<\/p>\n","protected":false},"excerpt":{"rendered":"<p>El Tribunal de Garant\u00eda de Ancud decret\u00f3 internaci\u00f3n provisoria en un centro para menores infractores de ley para el adolescente de 17 a\u00f1os que fue formalizado por el delito de..<\/p>\n","protected":false},"author":2,"featured_media":6938,"comment_status":"closed","ping_status":"open","sticky":false,"template":"","format":"standard","meta":{"footnotes":""},"categories":[1,28],"tags":[],"class_list":["post-6936","post","type-post","status-publish","format-standard","has-post-thumbnail","hentry","category-acontecer","category-actual"],"rttpg_featured_image_url":{"full":["https:\/\/elconquistadorredloslagos.cl\/test\/wp-content\/uploads\/2025\/01\/Sin-titulo-1-114.png",1920,1080,false],"landscape":["https:\/\/elconquistadorredloslagos.cl\/test\/wp-content\/uploads\/2025\/01\/Sin-titulo-1-114.png",1920,1080,false],"portraits":["https:\/\/elconquistadorredloslagos.cl\/test\/wp-content\/uploads\/2025\/01\/Sin-titulo-1-114.png",1920,1080,false],"thumbnail":["https:\/\/elconquistadorredloslagos.cl\/test\/wp-content\/uploads\/2025\/01\/Sin-titulo-1-114-150x150.png",150,150,true],"medium":["https:\/\/elconquistadorredloslagos.cl\/test\/wp-content\/uploads\/2025\/01\/Sin-titulo-1-114-300x169.png",300,169,true],"large":["https:\/\/elconquistadorredloslagos.cl\/test\/wp-content\/uploads\/2025\/01\/Sin-titulo-1-114-1024x576.png",1024,576,true],"1536x1536":["https:\/\/elconquistadorredloslagos.cl\/test\/wp-content\/uploads\/2025\/01\/Sin-titulo-1-114-1536x864.png",1536,864,true],"2048x2048":["https:\/\/elconquistadorredloslagos.cl\/test\/wp-content\/uploads\/2025\/01\/Sin-titulo-1-114.png",1920,1080,false]},"rttpg_author":{"display_name":"ccardenas","author_link":"https:\/\/elconquistadorredloslagos.cl\/test\/blog\/author\/ccardenas\/"},"rttpg_comment":0,"rttpg_category":"<a href=\"https:\/\/elconquistadorredloslagos.cl\/test\/blog\/category\/actual\/acontecer\/\" rel=\"category tag\">Acontecer<\/a> <a href=\"https:\/\/elconquistadorredloslagos.cl\/test\/blog\/category\/actual\/\" rel=\"category tag\">Actualidad<\/a>","rttpg_excerpt":"El Tribunal de Garant\u00eda de Ancud decret\u00f3 internaci\u00f3n provisoria en un centro para menores infractores de ley para el adolescente de 17 a\u00f1os que fue formalizado por el delito de..","_links":{"self":[{"href":"https:\/\/elconquistadorredloslagos.cl\/test\/wp-json\/wp\/v2\/posts\/6936","targetHints":{"allow":["GET"]}}],"collection":[{"href":"https:\/\/elconquistadorredloslagos.cl\/test\/wp-json\/wp\/v2\/posts"}],"about":[{"href":"https:\/\/elconquistadorredloslagos.cl\/test\/wp-json\/wp\/v2\/types\/post"}],"author":[{"embeddable":true,"href":"https:\/\/elconquistadorredloslagos.cl\/test\/wp-json\/wp\/v2\/users\/2"}],"replies":[{"embeddable":true,"href":"https:\/\/elconquistadorredloslagos.cl\/test\/wp-json\/wp\/v2\/comments?post=6936"}],"version-history":[{"count":1,"href":"https:\/\/elconquistadorredloslagos.cl\/test\/wp-json\/wp\/v2\/posts\/6936\/revisions"}],"predecessor-version":[{"id":6939,"href":"https:\/\/elconquistadorredloslagos.cl\/test\/wp-json\/wp\/v2\/posts\/6936\/revisions\/6939"}],"wp:featuredmedia":[{"embeddable":true,"href":"https:\/\/elconquistadorredloslagos.cl\/test\/wp-json\/wp\/v2\/media\/6938"}],"wp:attachment":[{"href":"https:\/\/elconquistadorredloslagos.cl\/test\/wp-json\/wp\/v2\/media?parent=6936"}],"wp:term":[{"taxonomy":"category","embeddable":true,"href":"https:\/\/elconquistadorredloslagos.cl\/test\/wp-json\/wp\/v2\/categories?post=6936"},{"taxonomy":"post_tag","embeddable":true,"href":"https:\/\/elconquistadorredloslagos.cl\/test\/wp-json\/wp\/v2\/tags?post=6936"}],"curies":[{"name":"wp","href":"https:\/\/api.w.org\/{rel}","templated":true}]}}