{"id":6929,"date":"2025-01-27T13:46:05","date_gmt":"2025-01-27T16:46:05","guid":{"rendered":"https:\/\/elconquistadorredloslagos.cl\/test\/?p=6929"},"modified":"2025-01-27T13:46:05","modified_gmt":"2025-01-27T16:46:05","slug":"cracks-de-colo-colo-se-suman-a-cruzada-solidaria-en-favor-de-madre-puertomontina","status":"publish","type":"post","link":"https:\/\/elconquistadorredloslagos.cl\/test\/blog\/2025\/01\/27\/cracks-de-colo-colo-se-suman-a-cruzada-solidaria-en-favor-de-madre-puertomontina\/","title":{"rendered":"Cracks de Colo-Colo se suman a cruzada solidaria en favor de madre puertomontina"},"content":{"rendered":"\n<p>La familia y amigos de Lorena V\u00e1squez, mujer y madre puertomontina diagnosticada desde hace tres a\u00f1os con c\u00e1ncer de mama, con met\u00e1stasis en etapa 4, iniciaron una cruzada para reunir fondos que permitan solventar el alto costo del tratamiento que ha enfrentado en los \u00faltimos tres a\u00f1os, y que deber\u00e1 mantener de forma permanente. As\u00ed lo relat\u00f3 la propia Lorena.<\/p>\n\n\n\n<figure class=\"wp-block-audio\"><audio controls src=\"https:\/\/elconquistadorredloslagos.cl\/test\/wp-content\/uploads\/2025\/01\/Lorena-Vasquez-1.mp3\"><\/audio><\/figure>\n\n\n\n<p>Por ello, a esta campa\u00f1a, se sumaron con entusiasmo un grupo de jugadores hist\u00f3ricos de Colo-Colo entre ellos varios integrantes del equipo que en 1991 gan\u00f3 la Copa Libertadores de Am\u00e9rica, principal logro deportivo a nivel de clubes del f\u00fatbol chileno en su historia, quienes firmaron una camiseta del \u00faltimo campe\u00f3n nacional para ser subastada en favor de Lorena. Detalles que fueron entregados por el recordado arquero campe\u00f3n de Am\u00e9rica con los albos, y hoy Gerente Deportivo de Colo-Colo, Jos\u00e9 Daniel Mor\u00f3n.<\/p>\n\n\n\n<figure class=\"wp-block-audio\"><audio controls src=\"https:\/\/elconquistadorredloslagos.cl\/test\/wp-content\/uploads\/2025\/01\/Daniel-Moron.mp3\"><\/audio><\/figure>\n\n\n\n<p>Para rifar la camiseta firmada por los jugadores de Colo-Colo, se organiz\u00f3 una rifa virtual, explic\u00f3 Lorena V\u00e1squez.<\/p>\n\n\n\n<figure class=\"wp-block-audio\"><audio controls src=\"https:\/\/elconquistadorredloslagos.cl\/test\/wp-content\/uploads\/2025\/01\/Lorena-Vasquez-2.mp3\"><\/audio><\/figure>\n\n\n\n<p>Los n\u00fameros para participar de este sorteo solidario, pueden ser adquiridos a solo $3.000, en la web <a href=\"http:\/\/www.juntosxLorena.com\">www.juntosxlorena.com<\/a>.<\/p>\n","protected":false},"excerpt":{"rendered":"<p>La familia y amigos de Lorena V\u00e1squez, mujer y madre puertomontina diagnosticada desde hace tres a\u00f1os con c\u00e1ncer de mama, con met\u00e1stasis en etapa 4, iniciaron una cruzada para reunir..<\/p>\n","protected":false},"author":2,"featured_media":6933,"comment_status":"closed","ping_status":"open","sticky":false,"template":"","format":"standard","meta":{"footnotes":""},"categories":[1,28,26],"tags":[],"class_list":["post-6929","post","type-post","status-publish","format-standard","has-post-thumbnail","hentry","category-acontecer","category-actual","category-comunidad"],"rttpg_featured_image_url":{"full":["https:\/\/elconquistadorredloslagos.cl\/test\/wp-content\/uploads\/2025\/01\/Sin-titulo-1-113.png",1920,1080,false],"landscape":["https:\/\/elconquistadorredloslagos.cl\/test\/wp-content\/uploads\/2025\/01\/Sin-titulo-1-113.png",1920,1080,false],"portraits":["https:\/\/elconquistadorredloslagos.cl\/test\/wp-content\/uploads\/2025\/01\/Sin-titulo-1-113.png",1920,1080,false],"thumbnail":["https:\/\/elconquistadorredloslagos.cl\/test\/wp-content\/uploads\/2025\/01\/Sin-titulo-1-113-150x150.png",150,150,true],"medium":["https:\/\/elconquistadorredloslagos.cl\/test\/wp-content\/uploads\/2025\/01\/Sin-titulo-1-113-300x169.png",300,169,true],"large":["https:\/\/elconquistadorredloslagos.cl\/test\/wp-content\/uploads\/2025\/01\/Sin-titulo-1-113-1024x576.png",1024,576,true],"1536x1536":["https:\/\/elconquistadorredloslagos.cl\/test\/wp-content\/uploads\/2025\/01\/Sin-titulo-1-113-1536x864.png",1536,864,true],"2048x2048":["https:\/\/elconquistadorredloslagos.cl\/test\/wp-content\/uploads\/2025\/01\/Sin-titulo-1-113.png",1920,1080,false]},"rttpg_author":{"display_name":"ccardenas","author_link":"https:\/\/elconquistadorredloslagos.cl\/test\/blog\/author\/ccardenas\/"},"rttpg_comment":0,"rttpg_category":"<a href=\"https:\/\/elconquistadorredloslagos.cl\/test\/blog\/category\/actual\/acontecer\/\" rel=\"category tag\">Acontecer<\/a> <a href=\"https:\/\/elconquistadorredloslagos.cl\/test\/blog\/category\/actual\/\" rel=\"category tag\">Actualidad<\/a> <a href=\"https:\/\/elconquistadorredloslagos.cl\/test\/blog\/category\/comunidad\/\" rel=\"category tag\">Comunidad<\/a>","rttpg_excerpt":"La familia y amigos de Lorena V\u00e1squez, mujer y madre puertomontina diagnosticada desde hace tres a\u00f1os con c\u00e1ncer de mama, con met\u00e1stasis en etapa 4, iniciaron una cruzada para reunir..","_links":{"self":[{"href":"https:\/\/elconquistadorredloslagos.cl\/test\/wp-json\/wp\/v2\/posts\/6929","targetHints":{"allow":["GET"]}}],"collection":[{"href":"https:\/\/elconquistadorredloslagos.cl\/test\/wp-json\/wp\/v2\/posts"}],"about":[{"href":"https:\/\/elconquistadorredloslagos.cl\/test\/wp-json\/wp\/v2\/types\/post"}],"author":[{"embeddable":true,"href":"https:\/\/elconquistadorredloslagos.cl\/test\/wp-json\/wp\/v2\/users\/2"}],"replies":[{"embeddable":true,"href":"https:\/\/elconquistadorredloslagos.cl\/test\/wp-json\/wp\/v2\/comments?post=6929"}],"version-history":[{"count":1,"href":"https:\/\/elconquistadorredloslagos.cl\/test\/wp-json\/wp\/v2\/posts\/6929\/revisions"}],"predecessor-version":[{"id":6934,"href":"https:\/\/elconquistadorredloslagos.cl\/test\/wp-json\/wp\/v2\/posts\/6929\/revisions\/6934"}],"wp:featuredmedia":[{"embeddable":true,"href":"https:\/\/elconquistadorredloslagos.cl\/test\/wp-json\/wp\/v2\/media\/6933"}],"wp:attachment":[{"href":"https:\/\/elconquistadorredloslagos.cl\/test\/wp-json\/wp\/v2\/media?parent=6929"}],"wp:term":[{"taxonomy":"category","embeddable":true,"href":"https:\/\/elconquistadorredloslagos.cl\/test\/wp-json\/wp\/v2\/categories?post=6929"},{"taxonomy":"post_tag","embeddable":true,"href":"https:\/\/elconquistadorredloslagos.cl\/test\/wp-json\/wp\/v2\/tags?post=6929"}],"curies":[{"name":"wp","href":"https:\/\/api.w.org\/{rel}","templated":true}]}}