{"id":6918,"date":"2025-01-27T13:21:42","date_gmt":"2025-01-27T16:21:42","guid":{"rendered":"https:\/\/elconquistadorredloslagos.cl\/test\/?p=6918"},"modified":"2025-01-27T13:21:43","modified_gmt":"2025-01-27T16:21:43","slug":"a-seis-personas-aumenta-el-numero-de-fallecidos-por-naufragio-en-bahia-mansa","status":"publish","type":"post","link":"https:\/\/elconquistadorredloslagos.cl\/test\/blog\/2025\/01\/27\/a-seis-personas-aumenta-el-numero-de-fallecidos-por-naufragio-en-bahia-mansa\/","title":{"rendered":"A seis personas aumenta el n\u00famero de fallecidos por naufragio en Bah\u00eda Mansa"},"content":{"rendered":"\n<p>En las \u00faltimas horas rescatistas lograron encontrar el cuerpo de dos pasajeras de identidad femenina, quienes se manten\u00edan desaparecidos luego del naufragio de la embarcaci\u00f3n \u201cR\u00edo Cholguaco\u201d en la que iban al menos 34 ocupantes, superando la capacidad permitida.<\/p>\n\n\n\n<p>Fue una lancha de la Armada la que traslad\u00f3 los restos de las fallecidas hacia Bah\u00eda Mansa. De acuerdo a detalles preliminares, los cuerpos de las v\u00edctimas fueron encontrados al interior de la cabina de la embarcaci\u00f3n.<\/p>\n\n\n\n<p>Con esto aumentan a seis las personas que perdieron la vida en esta tragedia mar\u00edtima.<\/p>\n\n\n\n<p>Claudia Pailalef, delegada provincial de Osorno, relat\u00f3 que seg\u00fan \u201cinformaci\u00f3n de la polic\u00eda Mar\u00edtima, el registro de zarpe, no coincide con el n\u00famero de personas que hemos reportado de este lamentable accidente. De todas maneras, todos los antecedentes est\u00e1n siendo investigados por la fiscal\u00eda y la polic\u00eda mar\u00edtima\u201d.<\/p>\n\n\n\n<p>Asimismo ya se abri\u00f3 un proceso que busca esclarecer si existen o no responsabilidades en este tr\u00e1gico accidente. En torno a la detenci\u00f3n del patr\u00f3n de la embarcaci\u00f3n, \u00e9sta se confirm\u00f3 por parte de la Polic\u00eda de Investigaciones de Osorno, puntualizando que se trata de un hombre de 34 a\u00f1os de edad, bajo el cargo de cuasi delito de homicidio.<\/p>\n\n\n\n<p>As\u00ed lo explic\u00f3 la jefa de la Prefectura de Osorno de la PDI, Katherine V\u00e1squez.<\/p>\n\n\n\n<figure class=\"wp-block-audio\"><audio controls src=\"https:\/\/elconquistadorredloslagos.cl\/test\/wp-content\/uploads\/2025\/01\/CUNA-PDI.mp3\"><\/audio><\/figure>\n\n\n\n<p>De igual forma, el gobernador mar\u00edtimo Mario Besoain, inform\u00f3 que en la b\u00fasqueda se sumaron medios navales desde Talcahuano, Valdivia, Corral y Puerto Montt, sumado al despliegue de pescadores y 25 marinos.<\/p>\n","protected":false},"excerpt":{"rendered":"<p>En las \u00faltimas horas rescatistas lograron encontrar el cuerpo de dos pasajeras de identidad femenina, quienes se manten\u00edan desaparecidos luego del naufragio de la embarcaci\u00f3n \u201cR\u00edo Cholguaco\u201d en la que..<\/p>\n","protected":false},"author":2,"featured_media":6920,"comment_status":"closed","ping_status":"open","sticky":false,"template":"","format":"standard","meta":{"footnotes":""},"categories":[1,28],"tags":[],"class_list":["post-6918","post","type-post","status-publish","format-standard","has-post-thumbnail","hentry","category-acontecer","category-actual"],"rttpg_featured_image_url":{"full":["https:\/\/elconquistadorredloslagos.cl\/test\/wp-content\/uploads\/2025\/01\/Sin-titulo-1-110.png",3840,2160,false],"landscape":["https:\/\/elconquistadorredloslagos.cl\/test\/wp-content\/uploads\/2025\/01\/Sin-titulo-1-110.png",3840,2160,false],"portraits":["https:\/\/elconquistadorredloslagos.cl\/test\/wp-content\/uploads\/2025\/01\/Sin-titulo-1-110.png",3840,2160,false],"thumbnail":["https:\/\/elconquistadorredloslagos.cl\/test\/wp-content\/uploads\/2025\/01\/Sin-titulo-1-110-150x150.png",150,150,true],"medium":["https:\/\/elconquistadorredloslagos.cl\/test\/wp-content\/uploads\/2025\/01\/Sin-titulo-1-110-300x169.png",300,169,true],"large":["https:\/\/elconquistadorredloslagos.cl\/test\/wp-content\/uploads\/2025\/01\/Sin-titulo-1-110-1024x576.png",1024,576,true],"1536x1536":["https:\/\/elconquistadorredloslagos.cl\/test\/wp-content\/uploads\/2025\/01\/Sin-titulo-1-110-1536x864.png",1536,864,true],"2048x2048":["https:\/\/elconquistadorredloslagos.cl\/test\/wp-content\/uploads\/2025\/01\/Sin-titulo-1-110-2048x1152.png",2048,1152,true]},"rttpg_author":{"display_name":"ccardenas","author_link":"https:\/\/elconquistadorredloslagos.cl\/test\/blog\/author\/ccardenas\/"},"rttpg_comment":0,"rttpg_category":"<a href=\"https:\/\/elconquistadorredloslagos.cl\/test\/blog\/category\/actual\/acontecer\/\" rel=\"category tag\">Acontecer<\/a> <a href=\"https:\/\/elconquistadorredloslagos.cl\/test\/blog\/category\/actual\/\" rel=\"category tag\">Actualidad<\/a>","rttpg_excerpt":"En las \u00faltimas horas rescatistas lograron encontrar el cuerpo de dos pasajeras de identidad femenina, quienes se manten\u00edan desaparecidos luego del naufragio de la embarcaci\u00f3n \u201cR\u00edo Cholguaco\u201d en la que..","_links":{"self":[{"href":"https:\/\/elconquistadorredloslagos.cl\/test\/wp-json\/wp\/v2\/posts\/6918","targetHints":{"allow":["GET"]}}],"collection":[{"href":"https:\/\/elconquistadorredloslagos.cl\/test\/wp-json\/wp\/v2\/posts"}],"about":[{"href":"https:\/\/elconquistadorredloslagos.cl\/test\/wp-json\/wp\/v2\/types\/post"}],"author":[{"embeddable":true,"href":"https:\/\/elconquistadorredloslagos.cl\/test\/wp-json\/wp\/v2\/users\/2"}],"replies":[{"embeddable":true,"href":"https:\/\/elconquistadorredloslagos.cl\/test\/wp-json\/wp\/v2\/comments?post=6918"}],"version-history":[{"count":1,"href":"https:\/\/elconquistadorredloslagos.cl\/test\/wp-json\/wp\/v2\/posts\/6918\/revisions"}],"predecessor-version":[{"id":6921,"href":"https:\/\/elconquistadorredloslagos.cl\/test\/wp-json\/wp\/v2\/posts\/6918\/revisions\/6921"}],"wp:featuredmedia":[{"embeddable":true,"href":"https:\/\/elconquistadorredloslagos.cl\/test\/wp-json\/wp\/v2\/media\/6920"}],"wp:attachment":[{"href":"https:\/\/elconquistadorredloslagos.cl\/test\/wp-json\/wp\/v2\/media?parent=6918"}],"wp:term":[{"taxonomy":"category","embeddable":true,"href":"https:\/\/elconquistadorredloslagos.cl\/test\/wp-json\/wp\/v2\/categories?post=6918"},{"taxonomy":"post_tag","embeddable":true,"href":"https:\/\/elconquistadorredloslagos.cl\/test\/wp-json\/wp\/v2\/tags?post=6918"}],"curies":[{"name":"wp","href":"https:\/\/api.w.org\/{rel}","templated":true}]}}