{"id":6907,"date":"2025-01-27T10:42:54","date_gmt":"2025-01-27T13:42:54","guid":{"rendered":"https:\/\/elconquistadorredloslagos.cl\/test\/?p=6907"},"modified":"2025-01-27T10:42:55","modified_gmt":"2025-01-27T13:42:55","slug":"chonchi-celebro-la-expo-bosque-mas-grande-del-sur-de-chile-con-un-lleno-total-de-asistentes","status":"publish","type":"post","link":"https:\/\/elconquistadorredloslagos.cl\/test\/blog\/2025\/01\/27\/chonchi-celebro-la-expo-bosque-mas-grande-del-sur-de-chile-con-un-lleno-total-de-asistentes\/","title":{"rendered":"Chonchi celebr\u00f3 la \u201cExpo Bosque\u201d m\u00e1s grande del sur de Chile con un lleno total de asistentes"},"content":{"rendered":"\n<p>La comuna de Chonchi vivi\u00f3 una exitosa d\u00e9cima novena versi\u00f3n de la \u201cExpo Bosque 2025\u201d en el Parque Municipal de Notuco, con un lleno total de asistentes. Este evento, organizado por el municipio a trav\u00e9s del alcalde Fernando Oyarz\u00fan Mac\u00edas, la Agrupaci\u00f3n de Productores Forestales \u201cEl Canelo\u201d y CONAF, es reconocido como la feria forestal m\u00e1s importante del sur de Chile, ofreciendo una variada agenda de actividades para el p\u00fablico.<\/p>\n\n\n\n<p>Los productores locales destacaron el trabajo colaborativo que ha permitido consolidar esta feria a lo largo de 19 a\u00f1os, siendo un espacio para promover el desarrollo local y la conservaci\u00f3n del bosque.<\/p>\n\n\n\n<p>Entre las principales atracciones, la Expo Bosque ofreci\u00f3 29 m\u00f3dulos de comida t\u00edpica, presentaciones de grupos folcl\u00f3ricos en vivo, concursos, charlas educativas sobre cuidado forestal y demostraciones de maquinaria avanzada. Adem\u00e1s, m\u00e1s de 40 artesanos y 45 productores locales exhibiendo sus creaciones, destacando la riqueza cultural y productiva de la zona.<\/p>\n\n\n\n<p>La feria tambi\u00e9n cuenta con la participaci\u00f3n de empresas privadas, como Comercial AYV, con tecnolog\u00edas innovadoras para el sector forestal. Erick \u00c1lvarez, gerente de la empresa, agradeci\u00f3 la oportunidad de participar por sexto a\u00f1o consecutivo, destacando los equipos agr\u00edcolas y forestales enfocados en sostenibilidad y eficiencia.<\/p>\n\n\n\n<p>El alcalde Fernando Oyarz\u00fan resalt\u00f3 el impacto positivo del evento: \u201cAgradezco el trabajo de la agrupaci\u00f3n \u2018El Canelo\u2019, CONAF, los productores y artesanos locales. Esta feria es un reflejo del compromiso de nuestra comuna con la cultura, el turismo y la conservaci\u00f3n del bosque\u201d.<\/p>\n\n\n\n<figure class=\"wp-block-gallery has-nested-images columns-default is-cropped wp-block-gallery-1 is-layout-flex wp-block-gallery-is-layout-flex\">\n<figure class=\"wp-block-image size-large\"><img loading=\"lazy\" decoding=\"async\" width=\"1024\" height=\"576\" data-id=\"6912\" src=\"https:\/\/elconquistadorredloslagos.cl\/test\/wp-content\/uploads\/2025\/01\/2-1024x576.jpeg\" alt=\"\" class=\"wp-image-6912\" \/><\/figure>\n\n\n\n<figure class=\"wp-block-image size-large\"><img loading=\"lazy\" decoding=\"async\" width=\"1024\" height=\"576\" data-id=\"6909\" src=\"https:\/\/elconquistadorredloslagos.cl\/test\/wp-content\/uploads\/2025\/01\/3-1024x576.jpeg\" alt=\"\" class=\"wp-image-6909\" \/><\/figure>\n\n\n\n<figure class=\"wp-block-image size-large\"><img loading=\"lazy\" decoding=\"async\" width=\"1024\" height=\"576\" data-id=\"6910\" src=\"https:\/\/elconquistadorredloslagos.cl\/test\/wp-content\/uploads\/2025\/01\/5-1024x576.jpeg\" alt=\"\" class=\"wp-image-6910\" \/><\/figure>\n\n\n\n<figure class=\"wp-block-image size-large\"><img loading=\"lazy\" decoding=\"async\" width=\"1280\" height=\"720\" data-id=\"6913\" src=\"https:\/\/elconquistadorredloslagos.cl\/test\/wp-content\/uploads\/2025\/01\/6-1024x576.jpeg\" alt=\"\" class=\"wp-image-6913\" \/><\/figure>\n\n\n\n<figure class=\"wp-block-image size-large\"><img loading=\"lazy\" decoding=\"async\" width=\"1024\" height=\"576\" data-id=\"6911\" src=\"https:\/\/elconquistadorredloslagos.cl\/test\/wp-content\/uploads\/2025\/01\/7-1024x576.jpeg\" alt=\"\" class=\"wp-image-6911\" \/><\/figure>\n\n\n\n<figure class=\"wp-block-image size-large\"><img loading=\"lazy\" decoding=\"async\" width=\"1280\" height=\"960\" data-id=\"6915\" src=\"https:\/\/elconquistadorredloslagos.cl\/test\/wp-content\/uploads\/2025\/01\/8-1024x768.jpeg\" alt=\"\" class=\"wp-image-6915\" \/><\/figure>\n\n\n\n<figure class=\"wp-block-image size-large\"><img loading=\"lazy\" decoding=\"async\" width=\"1024\" height=\"577\" data-id=\"6914\" src=\"https:\/\/elconquistadorredloslagos.cl\/test\/wp-content\/uploads\/2025\/01\/9-1024x577.jpeg\" alt=\"\" class=\"wp-image-6914\" \/><\/figure>\n<\/figure>\n","protected":false},"excerpt":{"rendered":"<p>La comuna de Chonchi vivi\u00f3 una exitosa d\u00e9cima novena versi\u00f3n de la \u201cExpo Bosque 2025\u201d en el Parque Municipal de Notuco, con un lleno total de asistentes. Este evento, organizado..<\/p>\n","protected":false},"author":2,"featured_media":6908,"comment_status":"closed","ping_status":"open","sticky":false,"template":"","format":"standard","meta":{"footnotes":""},"categories":[1,28],"tags":[],"class_list":["post-6907","post","type-post","status-publish","format-standard","has-post-thumbnail","hentry","category-acontecer","category-actual"],"rttpg_featured_image_url":{"full":["https:\/\/elconquistadorredloslagos.cl\/test\/wp-content\/uploads\/2025\/01\/A.png",1920,1080,false],"landscape":["https:\/\/elconquistadorredloslagos.cl\/test\/wp-content\/uploads\/2025\/01\/A.png",1920,1080,false],"portraits":["https:\/\/elconquistadorredloslagos.cl\/test\/wp-content\/uploads\/2025\/01\/A.png",1920,1080,false],"thumbnail":["https:\/\/elconquistadorredloslagos.cl\/test\/wp-content\/uploads\/2025\/01\/A-150x150.png",150,150,true],"medium":["https:\/\/elconquistadorredloslagos.cl\/test\/wp-content\/uploads\/2025\/01\/A-300x169.png",300,169,true],"large":["https:\/\/elconquistadorredloslagos.cl\/test\/wp-content\/uploads\/2025\/01\/A-1024x576.png",1024,576,true],"1536x1536":["https:\/\/elconquistadorredloslagos.cl\/test\/wp-content\/uploads\/2025\/01\/A-1536x864.png",1536,864,true],"2048x2048":["https:\/\/elconquistadorredloslagos.cl\/test\/wp-content\/uploads\/2025\/01\/A.png",1920,1080,false]},"rttpg_author":{"display_name":"ccardenas","author_link":"https:\/\/elconquistadorredloslagos.cl\/test\/blog\/author\/ccardenas\/"},"rttpg_comment":0,"rttpg_category":"<a href=\"https:\/\/elconquistadorredloslagos.cl\/test\/blog\/category\/actual\/acontecer\/\" rel=\"category tag\">Acontecer<\/a> <a href=\"https:\/\/elconquistadorredloslagos.cl\/test\/blog\/category\/actual\/\" rel=\"category tag\">Actualidad<\/a>","rttpg_excerpt":"La comuna de Chonchi vivi\u00f3 una exitosa d\u00e9cima novena versi\u00f3n de la \u201cExpo Bosque 2025\u201d en el Parque Municipal de Notuco, con un lleno total de asistentes. Este evento, organizado..","_links":{"self":[{"href":"https:\/\/elconquistadorredloslagos.cl\/test\/wp-json\/wp\/v2\/posts\/6907","targetHints":{"allow":["GET"]}}],"collection":[{"href":"https:\/\/elconquistadorredloslagos.cl\/test\/wp-json\/wp\/v2\/posts"}],"about":[{"href":"https:\/\/elconquistadorredloslagos.cl\/test\/wp-json\/wp\/v2\/types\/post"}],"author":[{"embeddable":true,"href":"https:\/\/elconquistadorredloslagos.cl\/test\/wp-json\/wp\/v2\/users\/2"}],"replies":[{"embeddable":true,"href":"https:\/\/elconquistadorredloslagos.cl\/test\/wp-json\/wp\/v2\/comments?post=6907"}],"version-history":[{"count":1,"href":"https:\/\/elconquistadorredloslagos.cl\/test\/wp-json\/wp\/v2\/posts\/6907\/revisions"}],"predecessor-version":[{"id":6916,"href":"https:\/\/elconquistadorredloslagos.cl\/test\/wp-json\/wp\/v2\/posts\/6907\/revisions\/6916"}],"wp:featuredmedia":[{"embeddable":true,"href":"https:\/\/elconquistadorredloslagos.cl\/test\/wp-json\/wp\/v2\/media\/6908"}],"wp:attachment":[{"href":"https:\/\/elconquistadorredloslagos.cl\/test\/wp-json\/wp\/v2\/media?parent=6907"}],"wp:term":[{"taxonomy":"category","embeddable":true,"href":"https:\/\/elconquistadorredloslagos.cl\/test\/wp-json\/wp\/v2\/categories?post=6907"},{"taxonomy":"post_tag","embeddable":true,"href":"https:\/\/elconquistadorredloslagos.cl\/test\/wp-json\/wp\/v2\/tags?post=6907"}],"curies":[{"name":"wp","href":"https:\/\/api.w.org\/{rel}","templated":true}]}}