{"id":6903,"date":"2025-01-27T10:20:17","date_gmt":"2025-01-27T13:20:17","guid":{"rendered":"https:\/\/elconquistadorredloslagos.cl\/test\/?p=6903"},"modified":"2025-01-27T10:20:19","modified_gmt":"2025-01-27T13:20:19","slug":"cuatro-muertos-y-siete-personas-desaparecidos-deja-tragedia-maritima-en-osorno","status":"publish","type":"post","link":"https:\/\/elconquistadorredloslagos.cl\/test\/blog\/2025\/01\/27\/cuatro-muertos-y-siete-personas-desaparecidos-deja-tragedia-maritima-en-osorno\/","title":{"rendered":"Cuatro muertos y siete personas desaparecidos deja tragedia mar\u00edtima en Osorno"},"content":{"rendered":"\n<p>Cuatro fallecidos fue el saldo de un accidente mar\u00edtimo en San Juan de la Costa, provincia de Osorno, luego de que la embarcaci\u00f3n \u201cR\u00edo Cholguaco\u201dnaufrag\u00f3 con 32 ocupantes y dos tripulantes este domingo.<\/p>\n\n\n\n<p>De acuerdo a los primeros antecedentes, la nave se encontraba realizando&nbsp; un recorrido tur\u00edstico desde Caleta C\u00f3ndor en direcci\u00f3n a Bah\u00eda Mansa.<\/p>\n\n\n\n<p>Junto con ello se indic\u00f3 que 21 personas han sido rescatadas, entre ellas ocho menores de edad desde los roquer\u00edos de Punta Tiburones; asimismo siete ocupantes permanecen desaparecidos.<\/p>\n\n\n\n<p>De acuerdo a lo se\u00f1alado por el capit\u00e1n de nav\u00edo Mario Besoain, gobernador mar\u00edtimo de Puerto Montt se est\u00e1n \u201crealizando a\u00fan tareas de rescate en el \u00e1rea. Lamentablemente, cuatro personas fueron rescatadas desde el mar, sin vida, dos hombres y dos mujeres\u201d.<\/p>\n\n\n\n<p>Quien tambi\u00e9n entreg\u00f3 detalles de lo acontecido fue la delegada presidencial, Paulina Mu\u00f1oz.<\/p>\n\n\n\n<figure class=\"wp-block-audio\"><audio controls src=\"https:\/\/elconquistadorredloslagos.cl\/test\/wp-content\/uploads\/2025\/01\/delegada-online-audio-converter.com_.mp3\"><\/audio><\/figure>\n\n\n\n<p>\u00a0A trav\u00e9s de un comunicado, la Armada se\u00f1ala lo siguiente: \u201cla Quinta Zona Naval se encuentra trabajando en conjunto con embarcaciones civiles en el \u00e1rea de rescate, efectuando rebusca Aeromar\u00edtima con el avi\u00f3n P-68 (naval 327) y dispuso el zarpe inmediato del Patrullero de Servicio General (PSG) Contramaestre Micalvi,\u00a0 la Lancha de Servicio General (LSG) Puerto Montt y se coordin\u00f3 con la Segunda Zona Naval el despegue de avi\u00f3n y helic\u00f3ptero naval desde Talcahuano junto con el zarpe de la\u00a0 Lancha de Servicio General Corral, la Lancha de Servicio de Rescate (LSR) 4424 y el ATF Galvarino. La embarcaci\u00f3n de turismo hab\u00eda zarpado desde Caleta C\u00f3ndor en la Provincia de Osorno\u201d.<\/p>\n","protected":false},"excerpt":{"rendered":"<p>Cuatro fallecidos fue el saldo de un accidente mar\u00edtimo en San Juan de la Costa, provincia de Osorno, luego de que la embarcaci\u00f3n \u201cR\u00edo Cholguaco\u201dnaufrag\u00f3 con 32 ocupantes y dos..<\/p>\n","protected":false},"author":2,"featured_media":6905,"comment_status":"closed","ping_status":"open","sticky":false,"template":"","format":"standard","meta":{"footnotes":""},"categories":[1,28],"tags":[],"class_list":["post-6903","post","type-post","status-publish","format-standard","has-post-thumbnail","hentry","category-acontecer","category-actual"],"rttpg_featured_image_url":{"full":["https:\/\/elconquistadorredloslagos.cl\/test\/wp-content\/uploads\/2025\/01\/Sin-titulo-1-109.png",1920,1080,false],"landscape":["https:\/\/elconquistadorredloslagos.cl\/test\/wp-content\/uploads\/2025\/01\/Sin-titulo-1-109.png",1920,1080,false],"portraits":["https:\/\/elconquistadorredloslagos.cl\/test\/wp-content\/uploads\/2025\/01\/Sin-titulo-1-109.png",1920,1080,false],"thumbnail":["https:\/\/elconquistadorredloslagos.cl\/test\/wp-content\/uploads\/2025\/01\/Sin-titulo-1-109-150x150.png",150,150,true],"medium":["https:\/\/elconquistadorredloslagos.cl\/test\/wp-content\/uploads\/2025\/01\/Sin-titulo-1-109-300x169.png",300,169,true],"large":["https:\/\/elconquistadorredloslagos.cl\/test\/wp-content\/uploads\/2025\/01\/Sin-titulo-1-109-1024x576.png",1024,576,true],"1536x1536":["https:\/\/elconquistadorredloslagos.cl\/test\/wp-content\/uploads\/2025\/01\/Sin-titulo-1-109-1536x864.png",1536,864,true],"2048x2048":["https:\/\/elconquistadorredloslagos.cl\/test\/wp-content\/uploads\/2025\/01\/Sin-titulo-1-109.png",1920,1080,false]},"rttpg_author":{"display_name":"ccardenas","author_link":"https:\/\/elconquistadorredloslagos.cl\/test\/blog\/author\/ccardenas\/"},"rttpg_comment":0,"rttpg_category":"<a href=\"https:\/\/elconquistadorredloslagos.cl\/test\/blog\/category\/actual\/acontecer\/\" rel=\"category tag\">Acontecer<\/a> <a href=\"https:\/\/elconquistadorredloslagos.cl\/test\/blog\/category\/actual\/\" rel=\"category tag\">Actualidad<\/a>","rttpg_excerpt":"Cuatro fallecidos fue el saldo de un accidente mar\u00edtimo en San Juan de la Costa, provincia de Osorno, luego de que la embarcaci\u00f3n \u201cR\u00edo Cholguaco\u201dnaufrag\u00f3 con 32 ocupantes y dos..","_links":{"self":[{"href":"https:\/\/elconquistadorredloslagos.cl\/test\/wp-json\/wp\/v2\/posts\/6903","targetHints":{"allow":["GET"]}}],"collection":[{"href":"https:\/\/elconquistadorredloslagos.cl\/test\/wp-json\/wp\/v2\/posts"}],"about":[{"href":"https:\/\/elconquistadorredloslagos.cl\/test\/wp-json\/wp\/v2\/types\/post"}],"author":[{"embeddable":true,"href":"https:\/\/elconquistadorredloslagos.cl\/test\/wp-json\/wp\/v2\/users\/2"}],"replies":[{"embeddable":true,"href":"https:\/\/elconquistadorredloslagos.cl\/test\/wp-json\/wp\/v2\/comments?post=6903"}],"version-history":[{"count":1,"href":"https:\/\/elconquistadorredloslagos.cl\/test\/wp-json\/wp\/v2\/posts\/6903\/revisions"}],"predecessor-version":[{"id":6906,"href":"https:\/\/elconquistadorredloslagos.cl\/test\/wp-json\/wp\/v2\/posts\/6903\/revisions\/6906"}],"wp:featuredmedia":[{"embeddable":true,"href":"https:\/\/elconquistadorredloslagos.cl\/test\/wp-json\/wp\/v2\/media\/6905"}],"wp:attachment":[{"href":"https:\/\/elconquistadorredloslagos.cl\/test\/wp-json\/wp\/v2\/media?parent=6903"}],"wp:term":[{"taxonomy":"category","embeddable":true,"href":"https:\/\/elconquistadorredloslagos.cl\/test\/wp-json\/wp\/v2\/categories?post=6903"},{"taxonomy":"post_tag","embeddable":true,"href":"https:\/\/elconquistadorredloslagos.cl\/test\/wp-json\/wp\/v2\/tags?post=6903"}],"curies":[{"name":"wp","href":"https:\/\/api.w.org\/{rel}","templated":true}]}}