{"id":6889,"date":"2025-01-24T14:23:18","date_gmt":"2025-01-24T17:23:18","guid":{"rendered":"https:\/\/elconquistadorredloslagos.cl\/test\/?p=6889"},"modified":"2025-01-24T14:23:19","modified_gmt":"2025-01-24T17:23:19","slug":"dictan-prision-preventiva-para-hombre-en-puerto-montt-que-mantenia-granada-militar-y-drogas-en-su-hogar","status":"publish","type":"post","link":"https:\/\/elconquistadorredloslagos.cl\/test\/blog\/2025\/01\/24\/dictan-prision-preventiva-para-hombre-en-puerto-montt-que-mantenia-granada-militar-y-drogas-en-su-hogar\/","title":{"rendered":"Dictan prisi\u00f3n preventiva para hombre en Puerto Montt que manten\u00eda granada militar y drogas en su hogar"},"content":{"rendered":"\n<p>Con la medida cautelar de prisi\u00f3n preventiva qued\u00f3 un imputado luego de que personal de la Secci\u00f3n OS-9 de Carabineros de la Regi\u00f3n de Los Lagos, allanara su domicilio en la ciudad de Puerto Montt encontrando una granada, municiones y droga al interior del inmueble.<\/p>\n\n\n\n<p>Lo anterior como resultado de una investigaci\u00f3n desarrollada en conjunto con la Fiscal\u00eda Local de Puerto Montt por delitos relacionados contra la Ley de Control de Armas y Ley de Drogas. Los detalles del procedimiento fueron entregados por el Capit\u00e1n Alexis Tapia, oficial del OS-9.<\/p>\n\n\n\n<figure class=\"wp-block-audio\"><audio controls src=\"https:\/\/elconquistadorredloslagos.cl\/test\/wp-content\/uploads\/2025\/01\/CUNA-CAPITAN-TAPIA1.mp3\"><\/audio><\/figure>\n\n\n\n<p>En tanto, la Fiscal de Puerto Montt, Pamela Salgado, explic\u00f3 que la granada militar, de uso b\u00e9lico, fue modificada y manten\u00eda material explosivo suficiente para ser detonada. Asimismo, se\u00f1al\u00f3 que el delito de tenencia ilegal de material de uso b\u00e9lico, cuenta con una pena que podr\u00eda alcanzar los 15 a\u00f1os de privaci\u00f3n de libertad.<\/p>\n\n\n\n<figure class=\"wp-block-audio\"><audio controls src=\"https:\/\/elconquistadorredloslagos.cl\/test\/wp-content\/uploads\/2025\/01\/CUNA-FISCAL-4.mp3\"><\/audio><\/figure>\n\n\n\n<p>El Ministerio P\u00fablico determin\u00f3 un plazo de investigaci\u00f3n de 60 d\u00edas.<\/p>\n","protected":false},"excerpt":{"rendered":"<p>Con la medida cautelar de prisi\u00f3n preventiva qued\u00f3 un imputado luego de que personal de la Secci\u00f3n OS-9 de Carabineros de la Regi\u00f3n de Los Lagos, allanara su domicilio en..<\/p>\n","protected":false},"author":2,"featured_media":6892,"comment_status":"closed","ping_status":"open","sticky":false,"template":"","format":"standard","meta":{"footnotes":""},"categories":[1,28],"tags":[],"class_list":["post-6889","post","type-post","status-publish","format-standard","has-post-thumbnail","hentry","category-acontecer","category-actual"],"rttpg_featured_image_url":{"full":["https:\/\/elconquistadorredloslagos.cl\/test\/wp-content\/uploads\/2025\/01\/Sin-titulo-1-108.png",1920,1080,false],"landscape":["https:\/\/elconquistadorredloslagos.cl\/test\/wp-content\/uploads\/2025\/01\/Sin-titulo-1-108.png",1920,1080,false],"portraits":["https:\/\/elconquistadorredloslagos.cl\/test\/wp-content\/uploads\/2025\/01\/Sin-titulo-1-108.png",1920,1080,false],"thumbnail":["https:\/\/elconquistadorredloslagos.cl\/test\/wp-content\/uploads\/2025\/01\/Sin-titulo-1-108-150x150.png",150,150,true],"medium":["https:\/\/elconquistadorredloslagos.cl\/test\/wp-content\/uploads\/2025\/01\/Sin-titulo-1-108-300x169.png",300,169,true],"large":["https:\/\/elconquistadorredloslagos.cl\/test\/wp-content\/uploads\/2025\/01\/Sin-titulo-1-108-1024x576.png",1024,576,true],"1536x1536":["https:\/\/elconquistadorredloslagos.cl\/test\/wp-content\/uploads\/2025\/01\/Sin-titulo-1-108-1536x864.png",1536,864,true],"2048x2048":["https:\/\/elconquistadorredloslagos.cl\/test\/wp-content\/uploads\/2025\/01\/Sin-titulo-1-108.png",1920,1080,false]},"rttpg_author":{"display_name":"ccardenas","author_link":"https:\/\/elconquistadorredloslagos.cl\/test\/blog\/author\/ccardenas\/"},"rttpg_comment":0,"rttpg_category":"<a href=\"https:\/\/elconquistadorredloslagos.cl\/test\/blog\/category\/actual\/acontecer\/\" rel=\"category tag\">Acontecer<\/a> <a href=\"https:\/\/elconquistadorredloslagos.cl\/test\/blog\/category\/actual\/\" rel=\"category tag\">Actualidad<\/a>","rttpg_excerpt":"Con la medida cautelar de prisi\u00f3n preventiva qued\u00f3 un imputado luego de que personal de la Secci\u00f3n OS-9 de Carabineros de la Regi\u00f3n de Los Lagos, allanara su domicilio en..","_links":{"self":[{"href":"https:\/\/elconquistadorredloslagos.cl\/test\/wp-json\/wp\/v2\/posts\/6889","targetHints":{"allow":["GET"]}}],"collection":[{"href":"https:\/\/elconquistadorredloslagos.cl\/test\/wp-json\/wp\/v2\/posts"}],"about":[{"href":"https:\/\/elconquistadorredloslagos.cl\/test\/wp-json\/wp\/v2\/types\/post"}],"author":[{"embeddable":true,"href":"https:\/\/elconquistadorredloslagos.cl\/test\/wp-json\/wp\/v2\/users\/2"}],"replies":[{"embeddable":true,"href":"https:\/\/elconquistadorredloslagos.cl\/test\/wp-json\/wp\/v2\/comments?post=6889"}],"version-history":[{"count":1,"href":"https:\/\/elconquistadorredloslagos.cl\/test\/wp-json\/wp\/v2\/posts\/6889\/revisions"}],"predecessor-version":[{"id":6893,"href":"https:\/\/elconquistadorredloslagos.cl\/test\/wp-json\/wp\/v2\/posts\/6889\/revisions\/6893"}],"wp:featuredmedia":[{"embeddable":true,"href":"https:\/\/elconquistadorredloslagos.cl\/test\/wp-json\/wp\/v2\/media\/6892"}],"wp:attachment":[{"href":"https:\/\/elconquistadorredloslagos.cl\/test\/wp-json\/wp\/v2\/media?parent=6889"}],"wp:term":[{"taxonomy":"category","embeddable":true,"href":"https:\/\/elconquistadorredloslagos.cl\/test\/wp-json\/wp\/v2\/categories?post=6889"},{"taxonomy":"post_tag","embeddable":true,"href":"https:\/\/elconquistadorredloslagos.cl\/test\/wp-json\/wp\/v2\/tags?post=6889"}],"curies":[{"name":"wp","href":"https:\/\/api.w.org\/{rel}","templated":true}]}}