{"id":6877,"date":"2025-01-24T13:36:07","date_gmt":"2025-01-24T16:36:07","guid":{"rendered":"https:\/\/elconquistadorredloslagos.cl\/test\/?p=6877"},"modified":"2025-01-24T13:36:07","modified_gmt":"2025-01-24T16:36:07","slug":"gore-los-lagos-y-el-minvu-impulsan-mesa-de-trabajo-para-enfrentar-desafios-regionales","status":"publish","type":"post","link":"https:\/\/elconquistadorredloslagos.cl\/test\/blog\/2025\/01\/24\/gore-los-lagos-y-el-minvu-impulsan-mesa-de-trabajo-para-enfrentar-desafios-regionales\/","title":{"rendered":"GORE Los Lagos y el Minvu impulsan mesa de trabajo para enfrentar desaf\u00edos regionales"},"content":{"rendered":"\n<p>El ministro de Vivienda y Urbanismo, Carlos Montes, se reuni\u00f3 recientemente con el gobernador Alejandro Santana y la directora del Serviu, junto al seremi de Vivienda de la Regi\u00f3n. El objetivo fue dialogar sobre los grandes desaf\u00edos que enfrenta la regi\u00f3n y acordar l\u00edneas de trabajo para dar respuesta a las necesidades de los ciudadanos en materia de vivienda, desarrollo rural y proyectos urbanos.<\/p>\n\n\n\n<p>En la ocasi\u00f3n, el Gobernador Santana reiter\u00f3 su permanente llamado al trabajo conjunto.<\/p>\n\n\n\n<figure class=\"wp-block-audio\"><audio controls src=\"https:\/\/elconquistadorredloslagos.cl\/test\/wp-content\/uploads\/2025\/01\/CUNA-SANTANA-online-audio-converter.com_.mp3\"><\/audio><\/figure>\n\n\n\n<p>Por su parte, el ministro Montes valor\u00f3 la disposici\u00f3n y el trabajo conjunto con el Gobierno Regional.<\/p>\n\n\n\n<figure class=\"wp-block-audio\"><audio controls src=\"https:\/\/elconquistadorredloslagos.cl\/test\/wp-content\/uploads\/2025\/01\/CUNA-MONTES-online-audio-converter.com_.mp3\"><\/audio><\/figure>\n\n\n\n<p>La reuni\u00f3n reafirm\u00f3 el compromiso de ambas partes para trabajar de manera coordinada, generar sinergias y avanzar en proyectos concretos que impacten positivamente a la comunidad. La mesa de trabajo que se pondr\u00e1 en marcha la pr\u00f3xima semana es un paso importante hacia la implementaci\u00f3n de soluciones a corto plazo que mejoren la calidad de vida de los habitantes de la regi\u00f3n.<\/p>\n","protected":false},"excerpt":{"rendered":"<p>El ministro de Vivienda y Urbanismo, Carlos Montes, se reuni\u00f3 recientemente con el gobernador Alejandro Santana y la directora del Serviu, junto al seremi de Vivienda de la Regi\u00f3n. El..<\/p>\n","protected":false},"author":2,"featured_media":6880,"comment_status":"closed","ping_status":"open","sticky":false,"template":"","format":"standard","meta":{"footnotes":""},"categories":[1,28],"tags":[],"class_list":["post-6877","post","type-post","status-publish","format-standard","has-post-thumbnail","hentry","category-acontecer","category-actual"],"rttpg_featured_image_url":{"full":["https:\/\/elconquistadorredloslagos.cl\/test\/wp-content\/uploads\/2025\/01\/Sin-titulo-1-105.png",1920,1080,false],"landscape":["https:\/\/elconquistadorredloslagos.cl\/test\/wp-content\/uploads\/2025\/01\/Sin-titulo-1-105.png",1920,1080,false],"portraits":["https:\/\/elconquistadorredloslagos.cl\/test\/wp-content\/uploads\/2025\/01\/Sin-titulo-1-105.png",1920,1080,false],"thumbnail":["https:\/\/elconquistadorredloslagos.cl\/test\/wp-content\/uploads\/2025\/01\/Sin-titulo-1-105-150x150.png",150,150,true],"medium":["https:\/\/elconquistadorredloslagos.cl\/test\/wp-content\/uploads\/2025\/01\/Sin-titulo-1-105-300x169.png",300,169,true],"large":["https:\/\/elconquistadorredloslagos.cl\/test\/wp-content\/uploads\/2025\/01\/Sin-titulo-1-105-1024x576.png",1024,576,true],"1536x1536":["https:\/\/elconquistadorredloslagos.cl\/test\/wp-content\/uploads\/2025\/01\/Sin-titulo-1-105-1536x864.png",1536,864,true],"2048x2048":["https:\/\/elconquistadorredloslagos.cl\/test\/wp-content\/uploads\/2025\/01\/Sin-titulo-1-105.png",1920,1080,false]},"rttpg_author":{"display_name":"ccardenas","author_link":"https:\/\/elconquistadorredloslagos.cl\/test\/blog\/author\/ccardenas\/"},"rttpg_comment":0,"rttpg_category":"<a href=\"https:\/\/elconquistadorredloslagos.cl\/test\/blog\/category\/actual\/acontecer\/\" rel=\"category tag\">Acontecer<\/a> <a href=\"https:\/\/elconquistadorredloslagos.cl\/test\/blog\/category\/actual\/\" rel=\"category tag\">Actualidad<\/a>","rttpg_excerpt":"El ministro de Vivienda y Urbanismo, Carlos Montes, se reuni\u00f3 recientemente con el gobernador Alejandro Santana y la directora del Serviu, junto al seremi de Vivienda de la Regi\u00f3n. El..","_links":{"self":[{"href":"https:\/\/elconquistadorredloslagos.cl\/test\/wp-json\/wp\/v2\/posts\/6877","targetHints":{"allow":["GET"]}}],"collection":[{"href":"https:\/\/elconquistadorredloslagos.cl\/test\/wp-json\/wp\/v2\/posts"}],"about":[{"href":"https:\/\/elconquistadorredloslagos.cl\/test\/wp-json\/wp\/v2\/types\/post"}],"author":[{"embeddable":true,"href":"https:\/\/elconquistadorredloslagos.cl\/test\/wp-json\/wp\/v2\/users\/2"}],"replies":[{"embeddable":true,"href":"https:\/\/elconquistadorredloslagos.cl\/test\/wp-json\/wp\/v2\/comments?post=6877"}],"version-history":[{"count":1,"href":"https:\/\/elconquistadorredloslagos.cl\/test\/wp-json\/wp\/v2\/posts\/6877\/revisions"}],"predecessor-version":[{"id":6881,"href":"https:\/\/elconquistadorredloslagos.cl\/test\/wp-json\/wp\/v2\/posts\/6877\/revisions\/6881"}],"wp:featuredmedia":[{"embeddable":true,"href":"https:\/\/elconquistadorredloslagos.cl\/test\/wp-json\/wp\/v2\/media\/6880"}],"wp:attachment":[{"href":"https:\/\/elconquistadorredloslagos.cl\/test\/wp-json\/wp\/v2\/media?parent=6877"}],"wp:term":[{"taxonomy":"category","embeddable":true,"href":"https:\/\/elconquistadorredloslagos.cl\/test\/wp-json\/wp\/v2\/categories?post=6877"},{"taxonomy":"post_tag","embeddable":true,"href":"https:\/\/elconquistadorredloslagos.cl\/test\/wp-json\/wp\/v2\/tags?post=6877"}],"curies":[{"name":"wp","href":"https:\/\/api.w.org\/{rel}","templated":true}]}}