{"id":6874,"date":"2025-01-24T13:28:35","date_gmt":"2025-01-24T16:28:35","guid":{"rendered":"https:\/\/elconquistadorredloslagos.cl\/test\/?p=6874"},"modified":"2025-01-24T13:28:36","modified_gmt":"2025-01-24T16:28:36","slug":"alcalde-de-chonchi-y-prodemu-impulsan-proyectos-para-mujeres-de-la-comuna-y-la-provincia","status":"publish","type":"post","link":"https:\/\/elconquistadorredloslagos.cl\/test\/blog\/2025\/01\/24\/alcalde-de-chonchi-y-prodemu-impulsan-proyectos-para-mujeres-de-la-comuna-y-la-provincia\/","title":{"rendered":"Alcalde de Chonchi y Prodemu impulsan proyectos para mujeres de la comuna y la provincia"},"content":{"rendered":"\n<p>En un esfuerzo por promover el desarrollo de las mujeres de Chonchi y de la provincia de Chilo\u00e9, el alcalde Fernando Oyarz\u00fan sostuvo una reuni\u00f3n con la directora regional de la Fundaci\u00f3n para la Promoci\u00f3n y Desarrollo de la Mujer (Prodemu), Ximena Pardo, instancia en la que abordaron diversas iniciativas destinadas a fomentar el emprendimiento femenino, el perfeccionamiento de habilidades y las capacitaciones, con el objetivo de generar un impacto positivo y sostenible en las familias de la Isla Grande.<\/p>\n\n\n\n<p>El alcalde Oyarz\u00fan destac\u00f3 la importancia de articular esfuerzos entre el municipio y Prodemu, instando a la Direcci\u00f3n de Desarrollo Comunitario (Dideco) y a la Direcci\u00f3n de Desarrollo Econ\u00f3mico Local a trabajar en conjunto para concretar estas iniciativas. \u201cLa idea es levantar proyectos de inversi\u00f3n que beneficien no solo a Chonchi, sino tambi\u00e9n a la provincia y la regi\u00f3n. Estas alianzas son clave para avanzar en el fortalecimiento de nuestras comunidades\u201d, se\u00f1al\u00f3.<\/p>\n\n\n\n<p>Asimismo, Oyarz\u00fan hizo un llamado al gobierno regional a apoyar los proyectos que ya est\u00e1n en ejecuci\u00f3n y a comprometerse con las iniciativas que surjan en el futuro. \u201cEs fundamental que el gobierno visualice estas acciones, porque el impacto de estos proyectos va m\u00e1s all\u00e1 de las mujeres: fortalece a las familias y contribuye al desarrollo econ\u00f3mico local\u201d, afirm\u00f3.<\/p>\n\n\n\n<p>Las propuestas discutidas est\u00e1n orientadas a fomentar el empoderamiento femenino mediante programas de capacitaci\u00f3n y perfeccionamiento en \u00e1reas claves para el emprendimiento, lo que busca posicionar a las mujeres como protagonistas en la econom\u00eda local.<\/p>\n\n\n\n<p>Desde el municipio, se proyecta que estas iniciativas no solo impulsen el desarrollo econ\u00f3mico, sino que tambi\u00e9n refuercen el tejido social, consolidando a Chonchi como un referente en la promoci\u00f3n de igualdad de oportunidades en la provincia de Chilo\u00e9.<\/p>\n","protected":false},"excerpt":{"rendered":"<p>En un esfuerzo por promover el desarrollo de las mujeres de Chonchi y de la provincia de Chilo\u00e9, el alcalde Fernando Oyarz\u00fan sostuvo una reuni\u00f3n con la directora regional de..<\/p>\n","protected":false},"author":2,"featured_media":6875,"comment_status":"closed","ping_status":"open","sticky":false,"template":"","format":"standard","meta":{"footnotes":""},"categories":[1,28],"tags":[],"class_list":["post-6874","post","type-post","status-publish","format-standard","has-post-thumbnail","hentry","category-acontecer","category-actual"],"rttpg_featured_image_url":{"full":["https:\/\/elconquistadorredloslagos.cl\/test\/wp-content\/uploads\/2025\/01\/Sin-titulo-1-104.png",1920,1080,false],"landscape":["https:\/\/elconquistadorredloslagos.cl\/test\/wp-content\/uploads\/2025\/01\/Sin-titulo-1-104.png",1920,1080,false],"portraits":["https:\/\/elconquistadorredloslagos.cl\/test\/wp-content\/uploads\/2025\/01\/Sin-titulo-1-104.png",1920,1080,false],"thumbnail":["https:\/\/elconquistadorredloslagos.cl\/test\/wp-content\/uploads\/2025\/01\/Sin-titulo-1-104-150x150.png",150,150,true],"medium":["https:\/\/elconquistadorredloslagos.cl\/test\/wp-content\/uploads\/2025\/01\/Sin-titulo-1-104-300x169.png",300,169,true],"large":["https:\/\/elconquistadorredloslagos.cl\/test\/wp-content\/uploads\/2025\/01\/Sin-titulo-1-104-1024x576.png",1024,576,true],"1536x1536":["https:\/\/elconquistadorredloslagos.cl\/test\/wp-content\/uploads\/2025\/01\/Sin-titulo-1-104-1536x864.png",1536,864,true],"2048x2048":["https:\/\/elconquistadorredloslagos.cl\/test\/wp-content\/uploads\/2025\/01\/Sin-titulo-1-104.png",1920,1080,false]},"rttpg_author":{"display_name":"ccardenas","author_link":"https:\/\/elconquistadorredloslagos.cl\/test\/blog\/author\/ccardenas\/"},"rttpg_comment":0,"rttpg_category":"<a href=\"https:\/\/elconquistadorredloslagos.cl\/test\/blog\/category\/actual\/acontecer\/\" rel=\"category tag\">Acontecer<\/a> <a href=\"https:\/\/elconquistadorredloslagos.cl\/test\/blog\/category\/actual\/\" rel=\"category tag\">Actualidad<\/a>","rttpg_excerpt":"En un esfuerzo por promover el desarrollo de las mujeres de Chonchi y de la provincia de Chilo\u00e9, el alcalde Fernando Oyarz\u00fan sostuvo una reuni\u00f3n con la directora regional de..","_links":{"self":[{"href":"https:\/\/elconquistadorredloslagos.cl\/test\/wp-json\/wp\/v2\/posts\/6874","targetHints":{"allow":["GET"]}}],"collection":[{"href":"https:\/\/elconquistadorredloslagos.cl\/test\/wp-json\/wp\/v2\/posts"}],"about":[{"href":"https:\/\/elconquistadorredloslagos.cl\/test\/wp-json\/wp\/v2\/types\/post"}],"author":[{"embeddable":true,"href":"https:\/\/elconquistadorredloslagos.cl\/test\/wp-json\/wp\/v2\/users\/2"}],"replies":[{"embeddable":true,"href":"https:\/\/elconquistadorredloslagos.cl\/test\/wp-json\/wp\/v2\/comments?post=6874"}],"version-history":[{"count":1,"href":"https:\/\/elconquistadorredloslagos.cl\/test\/wp-json\/wp\/v2\/posts\/6874\/revisions"}],"predecessor-version":[{"id":6876,"href":"https:\/\/elconquistadorredloslagos.cl\/test\/wp-json\/wp\/v2\/posts\/6874\/revisions\/6876"}],"wp:featuredmedia":[{"embeddable":true,"href":"https:\/\/elconquistadorredloslagos.cl\/test\/wp-json\/wp\/v2\/media\/6875"}],"wp:attachment":[{"href":"https:\/\/elconquistadorredloslagos.cl\/test\/wp-json\/wp\/v2\/media?parent=6874"}],"wp:term":[{"taxonomy":"category","embeddable":true,"href":"https:\/\/elconquistadorredloslagos.cl\/test\/wp-json\/wp\/v2\/categories?post=6874"},{"taxonomy":"post_tag","embeddable":true,"href":"https:\/\/elconquistadorredloslagos.cl\/test\/wp-json\/wp\/v2\/tags?post=6874"}],"curies":[{"name":"wp","href":"https:\/\/api.w.org\/{rel}","templated":true}]}}