{"id":6868,"date":"2025-01-24T13:24:59","date_gmt":"2025-01-24T16:24:59","guid":{"rendered":"https:\/\/elconquistadorredloslagos.cl\/test\/?p=6868"},"modified":"2025-01-24T13:25:59","modified_gmt":"2025-01-24T16:25:59","slug":"autoridad-maritima-encuentra-cuerpo-sin-vida-en-borde-costero-de-maullin","status":"publish","type":"post","link":"https:\/\/elconquistadorredloslagos.cl\/test\/blog\/2025\/01\/24\/autoridad-maritima-encuentra-cuerpo-sin-vida-en-borde-costero-de-maullin\/","title":{"rendered":"Autoridad Mar\u00edtima encuentra cuerpo sin vida en borde costero de Maull\u00edn"},"content":{"rendered":"\n<p>Conmoci\u00f3n ha causado entre la comunidad el hallazgo el cad\u00e1ver de un hombre durante la ma\u00f1ana de este viernes en el borde costero de la ciudad de Maull\u00edn.<\/p>\n\n\n\n<p>De acuerdo a lo informado de manera preliminar por parte de la Armada, se tratar\u00eda de una persona de 37 a\u00f1os de edad, identificada con las iniciales J.L.S.A. El teniente primero litoral, Jorge C\u00f3rdova, capit\u00e1n de Puerto de Maull\u00edn, indic\u00f3 que el cuerpo sin vida fue encontrado en medio de un patrullaje preventivo.<\/p>\n\n\n\n<figure class=\"wp-block-audio\"><audio controls src=\"https:\/\/elconquistadorredloslagos.cl\/test\/wp-content\/uploads\/2025\/01\/CUNA-JORGE-CORDOVA.mp3\"><\/audio><\/figure>\n\n\n\n<p>El personal de la Armada remiti\u00f3 los antecedentes al Ministerio P\u00fablico, quienes instruyeron la presencia de la Secci\u00f3n de Investigaci\u00f3n Policial (SIP) de Carabineros de Maull\u00edn para desarrollar las pericias que permitan esclarecer el caso. Seguidamente el Servicio M\u00e9dico Legal (SML) hizo el levantamiento del cuerpo para la autopsia respectiva.<\/p>\n","protected":false},"excerpt":{"rendered":"<p>Conmoci\u00f3n ha causado entre la comunidad el hallazgo el cad\u00e1ver de un hombre durante la ma\u00f1ana de este viernes en el borde costero de la ciudad de Maull\u00edn. De acuerdo..<\/p>\n","protected":false},"author":2,"featured_media":6870,"comment_status":"closed","ping_status":"open","sticky":false,"template":"","format":"standard","meta":{"footnotes":""},"categories":[1,28],"tags":[],"class_list":["post-6868","post","type-post","status-publish","format-standard","has-post-thumbnail","hentry","category-acontecer","category-actual"],"rttpg_featured_image_url":{"full":["https:\/\/elconquistadorredloslagos.cl\/test\/wp-content\/uploads\/2025\/01\/Sin-titulo-1-103.png",1920,1080,false],"landscape":["https:\/\/elconquistadorredloslagos.cl\/test\/wp-content\/uploads\/2025\/01\/Sin-titulo-1-103.png",1920,1080,false],"portraits":["https:\/\/elconquistadorredloslagos.cl\/test\/wp-content\/uploads\/2025\/01\/Sin-titulo-1-103.png",1920,1080,false],"thumbnail":["https:\/\/elconquistadorredloslagos.cl\/test\/wp-content\/uploads\/2025\/01\/Sin-titulo-1-103-150x150.png",150,150,true],"medium":["https:\/\/elconquistadorredloslagos.cl\/test\/wp-content\/uploads\/2025\/01\/Sin-titulo-1-103-300x169.png",300,169,true],"large":["https:\/\/elconquistadorredloslagos.cl\/test\/wp-content\/uploads\/2025\/01\/Sin-titulo-1-103-1024x576.png",1024,576,true],"1536x1536":["https:\/\/elconquistadorredloslagos.cl\/test\/wp-content\/uploads\/2025\/01\/Sin-titulo-1-103-1536x864.png",1536,864,true],"2048x2048":["https:\/\/elconquistadorredloslagos.cl\/test\/wp-content\/uploads\/2025\/01\/Sin-titulo-1-103.png",1920,1080,false]},"rttpg_author":{"display_name":"ccardenas","author_link":"https:\/\/elconquistadorredloslagos.cl\/test\/blog\/author\/ccardenas\/"},"rttpg_comment":0,"rttpg_category":"<a href=\"https:\/\/elconquistadorredloslagos.cl\/test\/blog\/category\/actual\/acontecer\/\" rel=\"category tag\">Acontecer<\/a> <a href=\"https:\/\/elconquistadorredloslagos.cl\/test\/blog\/category\/actual\/\" rel=\"category tag\">Actualidad<\/a>","rttpg_excerpt":"Conmoci\u00f3n ha causado entre la comunidad el hallazgo el cad\u00e1ver de un hombre durante la ma\u00f1ana de este viernes en el borde costero de la ciudad de Maull\u00edn. De acuerdo..","_links":{"self":[{"href":"https:\/\/elconquistadorredloslagos.cl\/test\/wp-json\/wp\/v2\/posts\/6868","targetHints":{"allow":["GET"]}}],"collection":[{"href":"https:\/\/elconquistadorredloslagos.cl\/test\/wp-json\/wp\/v2\/posts"}],"about":[{"href":"https:\/\/elconquistadorredloslagos.cl\/test\/wp-json\/wp\/v2\/types\/post"}],"author":[{"embeddable":true,"href":"https:\/\/elconquistadorredloslagos.cl\/test\/wp-json\/wp\/v2\/users\/2"}],"replies":[{"embeddable":true,"href":"https:\/\/elconquistadorredloslagos.cl\/test\/wp-json\/wp\/v2\/comments?post=6868"}],"version-history":[{"count":2,"href":"https:\/\/elconquistadorredloslagos.cl\/test\/wp-json\/wp\/v2\/posts\/6868\/revisions"}],"predecessor-version":[{"id":6873,"href":"https:\/\/elconquistadorredloslagos.cl\/test\/wp-json\/wp\/v2\/posts\/6868\/revisions\/6873"}],"wp:featuredmedia":[{"embeddable":true,"href":"https:\/\/elconquistadorredloslagos.cl\/test\/wp-json\/wp\/v2\/media\/6870"}],"wp:attachment":[{"href":"https:\/\/elconquistadorredloslagos.cl\/test\/wp-json\/wp\/v2\/media?parent=6868"}],"wp:term":[{"taxonomy":"category","embeddable":true,"href":"https:\/\/elconquistadorredloslagos.cl\/test\/wp-json\/wp\/v2\/categories?post=6868"},{"taxonomy":"post_tag","embeddable":true,"href":"https:\/\/elconquistadorredloslagos.cl\/test\/wp-json\/wp\/v2\/tags?post=6868"}],"curies":[{"name":"wp","href":"https:\/\/api.w.org\/{rel}","templated":true}]}}