{"id":6861,"date":"2025-01-24T11:18:28","date_gmt":"2025-01-24T14:18:28","guid":{"rendered":"https:\/\/elconquistadorredloslagos.cl\/test\/?p=6861"},"modified":"2025-01-24T11:18:29","modified_gmt":"2025-01-24T14:18:29","slug":"servicio-de-salud-chiloe-impulsa-iniciativas-para-mejorar-la-salud-mental-de-funcionarios-de-la-aps","status":"publish","type":"post","link":"https:\/\/elconquistadorredloslagos.cl\/test\/blog\/2025\/01\/24\/servicio-de-salud-chiloe-impulsa-iniciativas-para-mejorar-la-salud-mental-de-funcionarios-de-la-aps\/","title":{"rendered":"Servicio de Salud Chilo\u00e9 impulsa iniciativas para mejorar la salud mental de funcionarios de la APS"},"content":{"rendered":"\n<p>En Castro se realiz\u00f3 la primera reuni\u00f3n t\u00e9cnica de referentes del cuidado de salud mental de funcionarios 2025, que cont\u00f3 con una nutrida planificaci\u00f3n que da cuenta de diversas iniciativas destinadas a promover ambientes laborales saludables y sostenibles.<\/p>\n\n\n\n<p>Al respecto, la psic\u00f3loga gestora de Saludablemente para la Atenci\u00f3n Primaria de Salud, Camila Brahm, quien lider\u00f3 el encuentro que convoc\u00f3 a los referentes de la red, destac\u00f3 que una de las acciones planificadas para este a\u00f1o es la capacitaci\u00f3n de directivos en liderazgo, que se realizar\u00e1 en conjunto con Calidad de Vida y contar\u00e1 con la participaci\u00f3n de directores de atenci\u00f3n primaria y hospitales, que busca mejorar la calidad del liderazgo y as\u00ed prevenir riesgos psicosociales.<\/p>\n\n\n\n<p>Durante el encuentro, los referentes del cuidado de la salud mental de funcionarios, analizaron los resultados del a\u00f1o 2024 y planificaron las actividades para este 2025.<\/p>\n\n\n\n<figure class=\"wp-block-audio\"><audio controls src=\"https:\/\/elconquistadorredloslagos.cl\/test\/wp-content\/uploads\/2025\/01\/Camila-Brahm.mp3\"><\/audio><\/figure>\n\n\n\n<p>Otra de las iniciativas incluidas dentro de la programaci\u00f3n, explic\u00f3 la profesional, son los \u201cBa\u00f1os de Bosque\u201d, que busca promover la salud integral a trav\u00e9s de la conexi\u00f3n con la naturaleza gracias a la alianza estrat\u00e9gica con CONAF, que facilita el ingreso a los parques de la provincia.<\/p>\n\n\n\n<p>Adem\u00e1s, entre las acciones planificadas se encuentran la aplicaci\u00f3n de la Encuesta de Riesgos Psicosociales CEAL-SM, la promoci\u00f3n del Hospital Digital y la realizaci\u00f3n de talleres y capacitaciones para fortalecer habilidades en trabajo en equipo y prevenci\u00f3n de la violencia de g\u00e9nero.<\/p>\n\n\n\n<p>Destacar que la estrategia saludablemente busca mejorar la salud y bienestar de funcionarios y funcionarias de la red asistencial de Chilo\u00e9.<\/p>\n","protected":false},"excerpt":{"rendered":"<p>En Castro se realiz\u00f3 la primera reuni\u00f3n t\u00e9cnica de referentes del cuidado de salud mental de funcionarios 2025, que cont\u00f3 con una nutrida planificaci\u00f3n que da cuenta de diversas iniciativas..<\/p>\n","protected":false},"author":2,"featured_media":6863,"comment_status":"closed","ping_status":"open","sticky":false,"template":"","format":"standard","meta":{"footnotes":""},"categories":[1,28],"tags":[],"class_list":["post-6861","post","type-post","status-publish","format-standard","has-post-thumbnail","hentry","category-acontecer","category-actual"],"rttpg_featured_image_url":{"full":["https:\/\/elconquistadorredloslagos.cl\/test\/wp-content\/uploads\/2025\/01\/Sin-titulo-1-Recuperado-18.png",1920,1080,false],"landscape":["https:\/\/elconquistadorredloslagos.cl\/test\/wp-content\/uploads\/2025\/01\/Sin-titulo-1-Recuperado-18.png",1920,1080,false],"portraits":["https:\/\/elconquistadorredloslagos.cl\/test\/wp-content\/uploads\/2025\/01\/Sin-titulo-1-Recuperado-18.png",1920,1080,false],"thumbnail":["https:\/\/elconquistadorredloslagos.cl\/test\/wp-content\/uploads\/2025\/01\/Sin-titulo-1-Recuperado-18-150x150.png",150,150,true],"medium":["https:\/\/elconquistadorredloslagos.cl\/test\/wp-content\/uploads\/2025\/01\/Sin-titulo-1-Recuperado-18-300x169.png",300,169,true],"large":["https:\/\/elconquistadorredloslagos.cl\/test\/wp-content\/uploads\/2025\/01\/Sin-titulo-1-Recuperado-18-1024x576.png",1024,576,true],"1536x1536":["https:\/\/elconquistadorredloslagos.cl\/test\/wp-content\/uploads\/2025\/01\/Sin-titulo-1-Recuperado-18-1536x864.png",1536,864,true],"2048x2048":["https:\/\/elconquistadorredloslagos.cl\/test\/wp-content\/uploads\/2025\/01\/Sin-titulo-1-Recuperado-18.png",1920,1080,false]},"rttpg_author":{"display_name":"ccardenas","author_link":"https:\/\/elconquistadorredloslagos.cl\/test\/blog\/author\/ccardenas\/"},"rttpg_comment":0,"rttpg_category":"<a href=\"https:\/\/elconquistadorredloslagos.cl\/test\/blog\/category\/actual\/acontecer\/\" rel=\"category tag\">Acontecer<\/a> <a href=\"https:\/\/elconquistadorredloslagos.cl\/test\/blog\/category\/actual\/\" rel=\"category tag\">Actualidad<\/a>","rttpg_excerpt":"En Castro se realiz\u00f3 la primera reuni\u00f3n t\u00e9cnica de referentes del cuidado de salud mental de funcionarios 2025, que cont\u00f3 con una nutrida planificaci\u00f3n que da cuenta de diversas iniciativas..","_links":{"self":[{"href":"https:\/\/elconquistadorredloslagos.cl\/test\/wp-json\/wp\/v2\/posts\/6861","targetHints":{"allow":["GET"]}}],"collection":[{"href":"https:\/\/elconquistadorredloslagos.cl\/test\/wp-json\/wp\/v2\/posts"}],"about":[{"href":"https:\/\/elconquistadorredloslagos.cl\/test\/wp-json\/wp\/v2\/types\/post"}],"author":[{"embeddable":true,"href":"https:\/\/elconquistadorredloslagos.cl\/test\/wp-json\/wp\/v2\/users\/2"}],"replies":[{"embeddable":true,"href":"https:\/\/elconquistadorredloslagos.cl\/test\/wp-json\/wp\/v2\/comments?post=6861"}],"version-history":[{"count":1,"href":"https:\/\/elconquistadorredloslagos.cl\/test\/wp-json\/wp\/v2\/posts\/6861\/revisions"}],"predecessor-version":[{"id":6864,"href":"https:\/\/elconquistadorredloslagos.cl\/test\/wp-json\/wp\/v2\/posts\/6861\/revisions\/6864"}],"wp:featuredmedia":[{"embeddable":true,"href":"https:\/\/elconquistadorredloslagos.cl\/test\/wp-json\/wp\/v2\/media\/6863"}],"wp:attachment":[{"href":"https:\/\/elconquistadorredloslagos.cl\/test\/wp-json\/wp\/v2\/media?parent=6861"}],"wp:term":[{"taxonomy":"category","embeddable":true,"href":"https:\/\/elconquistadorredloslagos.cl\/test\/wp-json\/wp\/v2\/categories?post=6861"},{"taxonomy":"post_tag","embeddable":true,"href":"https:\/\/elconquistadorredloslagos.cl\/test\/wp-json\/wp\/v2\/tags?post=6861"}],"curies":[{"name":"wp","href":"https:\/\/api.w.org\/{rel}","templated":true}]}}