{"id":6857,"date":"2025-01-24T10:27:16","date_gmt":"2025-01-24T13:27:16","guid":{"rendered":"https:\/\/elconquistadorredloslagos.cl\/test\/?p=6857"},"modified":"2025-01-24T10:27:18","modified_gmt":"2025-01-24T13:27:18","slug":"saesa-inicia-su-campana-no-pilas-2025-en-chiloe","status":"publish","type":"post","link":"https:\/\/elconquistadorredloslagos.cl\/test\/blog\/2025\/01\/24\/saesa-inicia-su-campana-no-pilas-2025-en-chiloe\/","title":{"rendered":"Saesa inicia su campa\u00f1a \u201cNo + Pilas 2025\u201d en Chilo\u00e9"},"content":{"rendered":"\n<p>Hasta la isla de Quinchao, m\u00e1s espec\u00edficamente a la comuna de Curaco de V\u00e9lez, llegaron representantes de Saesa para realizar el lanzamiento de la campa\u00f1a \u201cNo + Pilas 2025\u201d (programa creado y promovido por la empresa el\u00e9ctrica), la cual contempla la recolecci\u00f3n de estos residuos altamente contaminantes, y, adem\u00e1s, fomentar la conciencia ecol\u00f3gica en toda la ciudadan\u00eda e instituciones de la comunidad.<\/p>\n\n\n\n<p>El comienzo de la campa\u00f1a se llev\u00f3 a cabo en el marco de la und\u00e9cima versi\u00f3n de la \u201cFAVAT\u201d (Feria de las Aves, Artesan\u00eda y Turismo de Curaco de V\u00e9lez) realizada en el parque costumbrista \u201cLos Molinos\u201d, y que atrajo a muchas personas interesadas en la protecci\u00f3n del medioambiente, foco principal de la campa\u00f1a promovida por Saesa.<\/p>\n\n\n\n<p>El programa \u201cNo + Pilas\u201d tiene como objetivo reunir y disponer de manera adecuada las pilas en desuso para prevenir la contaminaci\u00f3n ambiental. En ese sentido, la iniciativa busca involucrar a municipios, instituciones, escuelas y diversas organizaciones de la isla, promoviendo la protecci\u00f3n del medioambiente y la salud de la comunidad.<\/p>\n\n\n\n<p>El mecanismo para poder colaborar con esta iniciativa, y con el cuidado del medio ambiente, es bastante sencillo pero efectivo.<\/p>\n\n\n\n<p>Javiera Fontecilla, jefa de Servicio al Cliente de Saesa en Chilo\u00e9, explic\u00f3 el importante rol de la comunidad para lograr el objetivo.<\/p>\n\n\n\n<figure class=\"wp-block-audio\"><audio controls src=\"https:\/\/elconquistadorredloslagos.cl\/test\/wp-content\/uploads\/2025\/01\/Javiera-Fontecilla-Jefa-Servicio-al-Cliente-Saesa.mp3\"><\/audio><\/figure>\n\n\n\n<p>Saesa ha habilitado puntos de recolecci\u00f3n en sus oficinas comerciales en Ancud, Achao, Castro, Chonchi y Quell\u00f3n, facilitando a los habitantes de la isla la entrega de pilas en desuso para su correcta disposici\u00f3n final. Adem\u00e1s de reducir la contaminaci\u00f3n, esta campa\u00f1a busca fomentar la conciencia ambiental y la responsabilidad comunitaria en el manejo de residuos peligrosos, por lo mismo, se seguir\u00e1 llevando la iniciativa a m\u00e1s instituciones.<\/p>\n","protected":false},"excerpt":{"rendered":"<p>Hasta la isla de Quinchao, m\u00e1s espec\u00edficamente a la comuna de Curaco de V\u00e9lez, llegaron representantes de Saesa para realizar el lanzamiento de la campa\u00f1a \u201cNo + Pilas 2025\u201d (programa..<\/p>\n","protected":false},"author":2,"featured_media":6859,"comment_status":"closed","ping_status":"open","sticky":false,"template":"","format":"standard","meta":{"footnotes":""},"categories":[1,28,27],"tags":[],"class_list":["post-6857","post","type-post","status-publish","format-standard","has-post-thumbnail","hentry","category-acontecer","category-actual","category-tecnologia"],"rttpg_featured_image_url":{"full":["https:\/\/elconquistadorredloslagos.cl\/test\/wp-content\/uploads\/2025\/01\/Sin-titulo-1-Recuperado-17.png",1920,1080,false],"landscape":["https:\/\/elconquistadorredloslagos.cl\/test\/wp-content\/uploads\/2025\/01\/Sin-titulo-1-Recuperado-17.png",1920,1080,false],"portraits":["https:\/\/elconquistadorredloslagos.cl\/test\/wp-content\/uploads\/2025\/01\/Sin-titulo-1-Recuperado-17.png",1920,1080,false],"thumbnail":["https:\/\/elconquistadorredloslagos.cl\/test\/wp-content\/uploads\/2025\/01\/Sin-titulo-1-Recuperado-17-150x150.png",150,150,true],"medium":["https:\/\/elconquistadorredloslagos.cl\/test\/wp-content\/uploads\/2025\/01\/Sin-titulo-1-Recuperado-17-300x169.png",300,169,true],"large":["https:\/\/elconquistadorredloslagos.cl\/test\/wp-content\/uploads\/2025\/01\/Sin-titulo-1-Recuperado-17-1024x576.png",1024,576,true],"1536x1536":["https:\/\/elconquistadorredloslagos.cl\/test\/wp-content\/uploads\/2025\/01\/Sin-titulo-1-Recuperado-17-1536x864.png",1536,864,true],"2048x2048":["https:\/\/elconquistadorredloslagos.cl\/test\/wp-content\/uploads\/2025\/01\/Sin-titulo-1-Recuperado-17.png",1920,1080,false]},"rttpg_author":{"display_name":"ccardenas","author_link":"https:\/\/elconquistadorredloslagos.cl\/test\/blog\/author\/ccardenas\/"},"rttpg_comment":0,"rttpg_category":"<a href=\"https:\/\/elconquistadorredloslagos.cl\/test\/blog\/category\/actual\/acontecer\/\" rel=\"category tag\">Acontecer<\/a> <a href=\"https:\/\/elconquistadorredloslagos.cl\/test\/blog\/category\/actual\/\" rel=\"category tag\">Actualidad<\/a> <a href=\"https:\/\/elconquistadorredloslagos.cl\/test\/blog\/category\/actual\/tecnologia\/\" rel=\"category tag\">Tecnologias<\/a>","rttpg_excerpt":"Hasta la isla de Quinchao, m\u00e1s espec\u00edficamente a la comuna de Curaco de V\u00e9lez, llegaron representantes de Saesa para realizar el lanzamiento de la campa\u00f1a \u201cNo + Pilas 2025\u201d (programa..","_links":{"self":[{"href":"https:\/\/elconquistadorredloslagos.cl\/test\/wp-json\/wp\/v2\/posts\/6857","targetHints":{"allow":["GET"]}}],"collection":[{"href":"https:\/\/elconquistadorredloslagos.cl\/test\/wp-json\/wp\/v2\/posts"}],"about":[{"href":"https:\/\/elconquistadorredloslagos.cl\/test\/wp-json\/wp\/v2\/types\/post"}],"author":[{"embeddable":true,"href":"https:\/\/elconquistadorredloslagos.cl\/test\/wp-json\/wp\/v2\/users\/2"}],"replies":[{"embeddable":true,"href":"https:\/\/elconquistadorredloslagos.cl\/test\/wp-json\/wp\/v2\/comments?post=6857"}],"version-history":[{"count":1,"href":"https:\/\/elconquistadorredloslagos.cl\/test\/wp-json\/wp\/v2\/posts\/6857\/revisions"}],"predecessor-version":[{"id":6860,"href":"https:\/\/elconquistadorredloslagos.cl\/test\/wp-json\/wp\/v2\/posts\/6857\/revisions\/6860"}],"wp:featuredmedia":[{"embeddable":true,"href":"https:\/\/elconquistadorredloslagos.cl\/test\/wp-json\/wp\/v2\/media\/6859"}],"wp:attachment":[{"href":"https:\/\/elconquistadorredloslagos.cl\/test\/wp-json\/wp\/v2\/media?parent=6857"}],"wp:term":[{"taxonomy":"category","embeddable":true,"href":"https:\/\/elconquistadorredloslagos.cl\/test\/wp-json\/wp\/v2\/categories?post=6857"},{"taxonomy":"post_tag","embeddable":true,"href":"https:\/\/elconquistadorredloslagos.cl\/test\/wp-json\/wp\/v2\/tags?post=6857"}],"curies":[{"name":"wp","href":"https:\/\/api.w.org\/{rel}","templated":true}]}}