{"id":6854,"date":"2025-01-24T10:16:34","date_gmt":"2025-01-24T13:16:34","guid":{"rendered":"https:\/\/elconquistadorredloslagos.cl\/test\/?p=6854"},"modified":"2025-01-24T10:16:35","modified_gmt":"2025-01-24T13:16:35","slug":"con-el-pago-de-10-millones-de-pesos-diego-ancalao-podria-optar-al-arresto-domiciliario-parcial","status":"publish","type":"post","link":"https:\/\/elconquistadorredloslagos.cl\/test\/blog\/2025\/01\/24\/con-el-pago-de-10-millones-de-pesos-diego-ancalao-podria-optar-al-arresto-domiciliario-parcial\/","title":{"rendered":"Con el pago de 10 millones de pesos Diego Ancalao podr\u00eda optar al arresto domiciliario parcial"},"content":{"rendered":"\n<p>El Juzgado de Garant\u00eda de Puerto Montt modific\u00f3 la prisi\u00f3n preventiva de Diego Alexis Ancalao Gavil\u00e1n, imputado por el Ministerio P\u00fablico y el Consejo de Defensa del Estado (CDE), como autor del delito consumado de lavado de activos.<\/p>\n\n\n\n<p>En la audiencia de revisi\u00f3n de la medida cautelar, el magistrado Rolando D\u00edaz Coloma recondujo la prisi\u00f3n preventiva por peligro para el \u00e9xito de la investigaci\u00f3n a peligro de fuga, por lo que fij\u00f3 una cauci\u00f3n de 10 millones de pesos y, en el evento que pague dicha fianza, Ancalao Gavil\u00e1n deber\u00e1 cumplir con arresto domiciliario parcial nocturno (de ocho horas) en el domicilio que fij\u00f3 en la ciudad de Temuco, m\u00e1s el arraigo nacional y la prohibici\u00f3n de comunicaci\u00f3n con los dem\u00e1s imputados en el proceso.<\/p>\n\n\n\n<p>Asimismo, Ancalao prest\u00f3 declaraci\u00f3n judicial y fue interrogado tanto por el fiscal de la causa, el querellante CDE y la defensa, seg\u00fan lo establecido en el C\u00f3digo Procesal Penal.<\/p>\n\n\n\n<p>Al t\u00e9rmino de la audiencia, el magistrado D\u00edaz Coloma inform\u00f3 que: \u201cHoy se revis\u00f3 la situaci\u00f3n de prisi\u00f3n preventiva de una de las personas imputadas en una investigaci\u00f3n de larga data seguida por el Ministerio P\u00fablico contra el Sr. Ancalao y otras personas por distintos il\u00edcitos, a quien se le atribuye la comisi\u00f3n de un delito de lavado de activos, bajo dos modalidades establecidas en el art\u00edculo 27 letras a) y b), de la ley especial respectiva\u201d.<\/p>\n","protected":false},"excerpt":{"rendered":"<p>El Juzgado de Garant\u00eda de Puerto Montt modific\u00f3 la prisi\u00f3n preventiva de Diego Alexis Ancalao Gavil\u00e1n, imputado por el Ministerio P\u00fablico y el Consejo de Defensa del Estado (CDE), como..<\/p>\n","protected":false},"author":2,"featured_media":6855,"comment_status":"closed","ping_status":"open","sticky":false,"template":"","format":"standard","meta":{"footnotes":""},"categories":[1,28],"tags":[],"class_list":["post-6854","post","type-post","status-publish","format-standard","has-post-thumbnail","hentry","category-acontecer","category-actual"],"rttpg_featured_image_url":{"full":["https:\/\/elconquistadorredloslagos.cl\/test\/wp-content\/uploads\/2025\/01\/Sin-titulo-1-Recuperado-16.png",1920,1080,false],"landscape":["https:\/\/elconquistadorredloslagos.cl\/test\/wp-content\/uploads\/2025\/01\/Sin-titulo-1-Recuperado-16.png",1920,1080,false],"portraits":["https:\/\/elconquistadorredloslagos.cl\/test\/wp-content\/uploads\/2025\/01\/Sin-titulo-1-Recuperado-16.png",1920,1080,false],"thumbnail":["https:\/\/elconquistadorredloslagos.cl\/test\/wp-content\/uploads\/2025\/01\/Sin-titulo-1-Recuperado-16-150x150.png",150,150,true],"medium":["https:\/\/elconquistadorredloslagos.cl\/test\/wp-content\/uploads\/2025\/01\/Sin-titulo-1-Recuperado-16-300x169.png",300,169,true],"large":["https:\/\/elconquistadorredloslagos.cl\/test\/wp-content\/uploads\/2025\/01\/Sin-titulo-1-Recuperado-16-1024x576.png",1024,576,true],"1536x1536":["https:\/\/elconquistadorredloslagos.cl\/test\/wp-content\/uploads\/2025\/01\/Sin-titulo-1-Recuperado-16-1536x864.png",1536,864,true],"2048x2048":["https:\/\/elconquistadorredloslagos.cl\/test\/wp-content\/uploads\/2025\/01\/Sin-titulo-1-Recuperado-16.png",1920,1080,false]},"rttpg_author":{"display_name":"ccardenas","author_link":"https:\/\/elconquistadorredloslagos.cl\/test\/blog\/author\/ccardenas\/"},"rttpg_comment":0,"rttpg_category":"<a href=\"https:\/\/elconquistadorredloslagos.cl\/test\/blog\/category\/actual\/acontecer\/\" rel=\"category tag\">Acontecer<\/a> <a href=\"https:\/\/elconquistadorredloslagos.cl\/test\/blog\/category\/actual\/\" rel=\"category tag\">Actualidad<\/a>","rttpg_excerpt":"El Juzgado de Garant\u00eda de Puerto Montt modific\u00f3 la prisi\u00f3n preventiva de Diego Alexis Ancalao Gavil\u00e1n, imputado por el Ministerio P\u00fablico y el Consejo de Defensa del Estado (CDE), como..","_links":{"self":[{"href":"https:\/\/elconquistadorredloslagos.cl\/test\/wp-json\/wp\/v2\/posts\/6854","targetHints":{"allow":["GET"]}}],"collection":[{"href":"https:\/\/elconquistadorredloslagos.cl\/test\/wp-json\/wp\/v2\/posts"}],"about":[{"href":"https:\/\/elconquistadorredloslagos.cl\/test\/wp-json\/wp\/v2\/types\/post"}],"author":[{"embeddable":true,"href":"https:\/\/elconquistadorredloslagos.cl\/test\/wp-json\/wp\/v2\/users\/2"}],"replies":[{"embeddable":true,"href":"https:\/\/elconquistadorredloslagos.cl\/test\/wp-json\/wp\/v2\/comments?post=6854"}],"version-history":[{"count":1,"href":"https:\/\/elconquistadorredloslagos.cl\/test\/wp-json\/wp\/v2\/posts\/6854\/revisions"}],"predecessor-version":[{"id":6856,"href":"https:\/\/elconquistadorredloslagos.cl\/test\/wp-json\/wp\/v2\/posts\/6854\/revisions\/6856"}],"wp:featuredmedia":[{"embeddable":true,"href":"https:\/\/elconquistadorredloslagos.cl\/test\/wp-json\/wp\/v2\/media\/6855"}],"wp:attachment":[{"href":"https:\/\/elconquistadorredloslagos.cl\/test\/wp-json\/wp\/v2\/media?parent=6854"}],"wp:term":[{"taxonomy":"category","embeddable":true,"href":"https:\/\/elconquistadorredloslagos.cl\/test\/wp-json\/wp\/v2\/categories?post=6854"},{"taxonomy":"post_tag","embeddable":true,"href":"https:\/\/elconquistadorredloslagos.cl\/test\/wp-json\/wp\/v2\/tags?post=6854"}],"curies":[{"name":"wp","href":"https:\/\/api.w.org\/{rel}","templated":true}]}}