{"id":6845,"date":"2025-01-23T15:25:16","date_gmt":"2025-01-23T18:25:16","guid":{"rendered":"https:\/\/elconquistadorredloslagos.cl\/test\/?p=6845"},"modified":"2025-01-23T15:25:17","modified_gmt":"2025-01-23T18:25:17","slug":"republicano-carlos-seitz-anuncia-candidatura-a-diputado-por-el-distrito-26","status":"publish","type":"post","link":"https:\/\/elconquistadorredloslagos.cl\/test\/blog\/2025\/01\/23\/republicano-carlos-seitz-anuncia-candidatura-a-diputado-por-el-distrito-26\/","title":{"rendered":"Republicano Carlos Seitz anuncia candidatura a diputado por el Distrito 26"},"content":{"rendered":"\n<p>Carlos Seitz Asp\u00e9e, ex candidato a alcalde por Ancud, oficializ\u00f3 su candidatura a diputado por el Distrito 26, que comprende Puerto Montt, Calbuco, Cocham\u00f3, Maull\u00edn, Chilo\u00e9 y Palena.<\/p>\n\n\n\n<p>El representante del Partido Republicano ratific\u00f3 sus intenciones en entrevista con Radio El Conquistador, en donde profundiz\u00f3 acerca de los motivos que lo llevaron a tomar esta decisi\u00f3n, en su incipiente carrera pol\u00edtica. En tal sentido, asegur\u00f3 que las motivaciones para postular por un esca\u00f1o en la C\u00e1mara Baja, estaban presentes desde mucho tiempo. Antes incluso de su candidatura como jefe comunal.<\/p>\n\n\n\n<figure class=\"wp-block-audio\"><audio controls src=\"https:\/\/elconquistadorredloslagos.cl\/test\/wp-content\/uploads\/2025\/01\/CUNA-SEITZ-1.mp3\"><\/audio><\/figure>\n\n\n\n<p>Junto con ello, el ingeniero civil de profesi\u00f3n, asegur\u00f3 que la idea no solo es competir, se\u00f1alando que acept\u00f3 el desaf\u00edo para poder quedarse con uno de los cupos.<\/p>\n\n\n\n<figure class=\"wp-block-audio\"><audio controls src=\"https:\/\/elconquistadorredloslagos.cl\/test\/wp-content\/uploads\/2025\/01\/CUNA-SEITZ-2.mp3\"><\/audio><\/figure>\n\n\n\n<p>Seitz destac\u00f3 la conexi\u00f3n con las comunidades locales como un factor clave en su decisi\u00f3n. Sobre la consulta de que si el resultado de la elecci\u00f3n a diputado podr\u00eda influir en su revancha por el sill\u00f3n edilicio ancuditano, tomando en cuenta el amplio respaldo que tuvo en las urnas (7.219 votos), manifest\u00f3 que esto es algo que se ir\u00e1 viendo paso a paso, dado que el foco en este momento son las parlamentarias.<\/p>\n\n\n\n<figure class=\"wp-block-audio\"><audio controls src=\"https:\/\/elconquistadorredloslagos.cl\/test\/wp-content\/uploads\/2025\/01\/CUNA-SEITZ-3.mp3\"><\/audio><\/figure>\n\n\n\n<p>Respecto a alg\u00fan tipo de fragmentaci\u00f3n que pudiera existir al interior de la tienda republicana, con la creaci\u00f3n del Partido Nacional Libertario, liderado por Johannes Kaiser (ex Republicano), Seitz afirm\u00f3 todo lo contrario, expresando que esto podr\u00eda ser beneficioso a la hora de formar futuras alianzas.<\/p>\n\n\n\n<figure class=\"wp-block-audio\"><audio controls src=\"https:\/\/elconquistadorredloslagos.cl\/test\/wp-content\/uploads\/2025\/01\/CUNA-SEITZ-4.mp3\"><\/audio><\/figure>\n\n\n\n<p>Las elecciones presidenciales y parlamentarias para el per\u00edodo 2026-2030, tendr\u00e1n lugar el domingo 16 de noviembre de 2025<\/p>\n","protected":false},"excerpt":{"rendered":"<p>Carlos Seitz Asp\u00e9e, ex candidato a alcalde por Ancud, oficializ\u00f3 su candidatura a diputado por el Distrito 26, que comprende Puerto Montt, Calbuco, Cocham\u00f3, Maull\u00edn, Chilo\u00e9 y Palena. El representante..<\/p>\n","protected":false},"author":2,"featured_media":6850,"comment_status":"closed","ping_status":"open","sticky":false,"template":"","format":"standard","meta":{"footnotes":""},"categories":[1,28],"tags":[],"class_list":["post-6845","post","type-post","status-publish","format-standard","has-post-thumbnail","hentry","category-acontecer","category-actual"],"rttpg_featured_image_url":{"full":["https:\/\/elconquistadorredloslagos.cl\/test\/wp-content\/uploads\/2025\/01\/Sin-titulo-1-102.png",1920,1080,false],"landscape":["https:\/\/elconquistadorredloslagos.cl\/test\/wp-content\/uploads\/2025\/01\/Sin-titulo-1-102.png",1920,1080,false],"portraits":["https:\/\/elconquistadorredloslagos.cl\/test\/wp-content\/uploads\/2025\/01\/Sin-titulo-1-102.png",1920,1080,false],"thumbnail":["https:\/\/elconquistadorredloslagos.cl\/test\/wp-content\/uploads\/2025\/01\/Sin-titulo-1-102-150x150.png",150,150,true],"medium":["https:\/\/elconquistadorredloslagos.cl\/test\/wp-content\/uploads\/2025\/01\/Sin-titulo-1-102-300x169.png",300,169,true],"large":["https:\/\/elconquistadorredloslagos.cl\/test\/wp-content\/uploads\/2025\/01\/Sin-titulo-1-102-1024x576.png",1024,576,true],"1536x1536":["https:\/\/elconquistadorredloslagos.cl\/test\/wp-content\/uploads\/2025\/01\/Sin-titulo-1-102-1536x864.png",1536,864,true],"2048x2048":["https:\/\/elconquistadorredloslagos.cl\/test\/wp-content\/uploads\/2025\/01\/Sin-titulo-1-102.png",1920,1080,false]},"rttpg_author":{"display_name":"ccardenas","author_link":"https:\/\/elconquistadorredloslagos.cl\/test\/blog\/author\/ccardenas\/"},"rttpg_comment":0,"rttpg_category":"<a href=\"https:\/\/elconquistadorredloslagos.cl\/test\/blog\/category\/actual\/acontecer\/\" rel=\"category tag\">Acontecer<\/a> <a href=\"https:\/\/elconquistadorredloslagos.cl\/test\/blog\/category\/actual\/\" rel=\"category tag\">Actualidad<\/a>","rttpg_excerpt":"Carlos Seitz Asp\u00e9e, ex candidato a alcalde por Ancud, oficializ\u00f3 su candidatura a diputado por el Distrito 26, que comprende Puerto Montt, Calbuco, Cocham\u00f3, Maull\u00edn, Chilo\u00e9 y Palena. El representante..","_links":{"self":[{"href":"https:\/\/elconquistadorredloslagos.cl\/test\/wp-json\/wp\/v2\/posts\/6845","targetHints":{"allow":["GET"]}}],"collection":[{"href":"https:\/\/elconquistadorredloslagos.cl\/test\/wp-json\/wp\/v2\/posts"}],"about":[{"href":"https:\/\/elconquistadorredloslagos.cl\/test\/wp-json\/wp\/v2\/types\/post"}],"author":[{"embeddable":true,"href":"https:\/\/elconquistadorredloslagos.cl\/test\/wp-json\/wp\/v2\/users\/2"}],"replies":[{"embeddable":true,"href":"https:\/\/elconquistadorredloslagos.cl\/test\/wp-json\/wp\/v2\/comments?post=6845"}],"version-history":[{"count":1,"href":"https:\/\/elconquistadorredloslagos.cl\/test\/wp-json\/wp\/v2\/posts\/6845\/revisions"}],"predecessor-version":[{"id":6851,"href":"https:\/\/elconquistadorredloslagos.cl\/test\/wp-json\/wp\/v2\/posts\/6845\/revisions\/6851"}],"wp:featuredmedia":[{"embeddable":true,"href":"https:\/\/elconquistadorredloslagos.cl\/test\/wp-json\/wp\/v2\/media\/6850"}],"wp:attachment":[{"href":"https:\/\/elconquistadorredloslagos.cl\/test\/wp-json\/wp\/v2\/media?parent=6845"}],"wp:term":[{"taxonomy":"category","embeddable":true,"href":"https:\/\/elconquistadorredloslagos.cl\/test\/wp-json\/wp\/v2\/categories?post=6845"},{"taxonomy":"post_tag","embeddable":true,"href":"https:\/\/elconquistadorredloslagos.cl\/test\/wp-json\/wp\/v2\/tags?post=6845"}],"curies":[{"name":"wp","href":"https:\/\/api.w.org\/{rel}","templated":true}]}}