{"id":6726,"date":"2025-01-21T13:43:43","date_gmt":"2025-01-21T16:43:43","guid":{"rendered":"https:\/\/elconquistadorredloslagos.cl\/test\/?p=6726"},"modified":"2025-01-21T13:43:43","modified_gmt":"2025-01-21T16:43:43","slug":"puerto-montt-nueva-fiscalizacion-al-comercio-ambulante-termino-con-una-persona-detenida","status":"publish","type":"post","link":"https:\/\/elconquistadorredloslagos.cl\/test\/blog\/2025\/01\/21\/puerto-montt-nueva-fiscalizacion-al-comercio-ambulante-termino-con-una-persona-detenida\/","title":{"rendered":"Puerto Montt: nueva fiscalizaci\u00f3n al comercio ambulante termin\u00f3 con una persona detenida"},"content":{"rendered":"\n<p>La Direcci\u00f3n de Seguridad P\u00fablica inform\u00f3 acerca de la detenci\u00f3n de una persona por maltrato a Carabineros y el decomiso de dos carros de carga. Lo anterior en el marco de una nueva jornada de fiscalizaci\u00f3n como parte de la ordenanza municipal que establece un per\u00edmetro de exclusi\u00f3n para el comercio ambulante en el centro de Puerto Montt.<\/p>\n\n\n\n<p>La acci\u00f3n tuvo lugar espec\u00edficamente en el Paseo Talca, y estuvo encabezada por la mencionada Direcci\u00f3n de Seguridad P\u00fablica, adem\u00e1s de Carabineros y el Departamento de Rentas y Patentes del municipio puertomontino. En este sentido se indic\u00f3 que estas personas fueron puestas a disposici\u00f3n del Segundo Juzgado de Polic\u00eda Local de la capital regional.<\/p>\n\n\n\n<p>Se reiter\u00f3 que aquellas personas que sean sorprendidas comprando dentro del per\u00edmetro de exclusi\u00f3n van a ser sancionadas y enviadas al Juzgado de Polic\u00eda Local, aplic\u00e1ndose una respectiva multa que va desde las 0.5 UTM ($33.000) a las 5 UTM ($337.000 mil pesos).<\/p>\n","protected":false},"excerpt":{"rendered":"<p>La Direcci\u00f3n de Seguridad P\u00fablica inform\u00f3 acerca de la detenci\u00f3n de una persona por maltrato a Carabineros y el decomiso de dos carros de carga. Lo anterior en el marco..<\/p>\n","protected":false},"author":2,"featured_media":6727,"comment_status":"closed","ping_status":"open","sticky":false,"template":"","format":"standard","meta":{"footnotes":""},"categories":[1,28],"tags":[],"class_list":["post-6726","post","type-post","status-publish","format-standard","has-post-thumbnail","hentry","category-acontecer","category-actual"],"rttpg_featured_image_url":{"full":["https:\/\/elconquistadorredloslagos.cl\/test\/wp-content\/uploads\/2025\/01\/Sin-titulo-1-79.png",1920,1080,false],"landscape":["https:\/\/elconquistadorredloslagos.cl\/test\/wp-content\/uploads\/2025\/01\/Sin-titulo-1-79.png",1920,1080,false],"portraits":["https:\/\/elconquistadorredloslagos.cl\/test\/wp-content\/uploads\/2025\/01\/Sin-titulo-1-79.png",1920,1080,false],"thumbnail":["https:\/\/elconquistadorredloslagos.cl\/test\/wp-content\/uploads\/2025\/01\/Sin-titulo-1-79-150x150.png",150,150,true],"medium":["https:\/\/elconquistadorredloslagos.cl\/test\/wp-content\/uploads\/2025\/01\/Sin-titulo-1-79-300x169.png",300,169,true],"large":["https:\/\/elconquistadorredloslagos.cl\/test\/wp-content\/uploads\/2025\/01\/Sin-titulo-1-79-1024x576.png",1024,576,true],"1536x1536":["https:\/\/elconquistadorredloslagos.cl\/test\/wp-content\/uploads\/2025\/01\/Sin-titulo-1-79-1536x864.png",1536,864,true],"2048x2048":["https:\/\/elconquistadorredloslagos.cl\/test\/wp-content\/uploads\/2025\/01\/Sin-titulo-1-79.png",1920,1080,false]},"rttpg_author":{"display_name":"ccardenas","author_link":"https:\/\/elconquistadorredloslagos.cl\/test\/blog\/author\/ccardenas\/"},"rttpg_comment":0,"rttpg_category":"<a href=\"https:\/\/elconquistadorredloslagos.cl\/test\/blog\/category\/actual\/acontecer\/\" rel=\"category tag\">Acontecer<\/a> <a href=\"https:\/\/elconquistadorredloslagos.cl\/test\/blog\/category\/actual\/\" rel=\"category tag\">Actualidad<\/a>","rttpg_excerpt":"La Direcci\u00f3n de Seguridad P\u00fablica inform\u00f3 acerca de la detenci\u00f3n de una persona por maltrato a Carabineros y el decomiso de dos carros de carga. Lo anterior en el marco..","_links":{"self":[{"href":"https:\/\/elconquistadorredloslagos.cl\/test\/wp-json\/wp\/v2\/posts\/6726","targetHints":{"allow":["GET"]}}],"collection":[{"href":"https:\/\/elconquistadorredloslagos.cl\/test\/wp-json\/wp\/v2\/posts"}],"about":[{"href":"https:\/\/elconquistadorredloslagos.cl\/test\/wp-json\/wp\/v2\/types\/post"}],"author":[{"embeddable":true,"href":"https:\/\/elconquistadorredloslagos.cl\/test\/wp-json\/wp\/v2\/users\/2"}],"replies":[{"embeddable":true,"href":"https:\/\/elconquistadorredloslagos.cl\/test\/wp-json\/wp\/v2\/comments?post=6726"}],"version-history":[{"count":1,"href":"https:\/\/elconquistadorredloslagos.cl\/test\/wp-json\/wp\/v2\/posts\/6726\/revisions"}],"predecessor-version":[{"id":6728,"href":"https:\/\/elconquistadorredloslagos.cl\/test\/wp-json\/wp\/v2\/posts\/6726\/revisions\/6728"}],"wp:featuredmedia":[{"embeddable":true,"href":"https:\/\/elconquistadorredloslagos.cl\/test\/wp-json\/wp\/v2\/media\/6727"}],"wp:attachment":[{"href":"https:\/\/elconquistadorredloslagos.cl\/test\/wp-json\/wp\/v2\/media?parent=6726"}],"wp:term":[{"taxonomy":"category","embeddable":true,"href":"https:\/\/elconquistadorredloslagos.cl\/test\/wp-json\/wp\/v2\/categories?post=6726"},{"taxonomy":"post_tag","embeddable":true,"href":"https:\/\/elconquistadorredloslagos.cl\/test\/wp-json\/wp\/v2\/tags?post=6726"}],"curies":[{"name":"wp","href":"https:\/\/api.w.org\/{rel}","templated":true}]}}