{"id":6449,"date":"2025-01-13T17:52:30","date_gmt":"2025-01-13T20:52:30","guid":{"rendered":"https:\/\/elconquistadorredloslagos.cl\/test\/?p=6449"},"modified":"2025-01-13T23:13:44","modified_gmt":"2025-01-14T02:13:44","slug":"incendios-forestal-senapred-declara-alerta-roja-en-ancud","status":"publish","type":"post","link":"https:\/\/elconquistadorredloslagos.cl\/test\/blog\/2025\/01\/13\/incendios-forestal-senapred-declara-alerta-roja-en-ancud\/","title":{"rendered":"Incendio forestal: Senapred declara \u201cAlerta Roja\u201d en Ancud"},"content":{"rendered":"\n<p>El Servicio Nacional de Prevenci\u00f3n y Respuesta ante Desastres (Senapred) decret\u00f3 esta tarde Alerta Roja para la comuna de Ancud, ante la r\u00e1pida propagaci\u00f3n de un incendio forestal en localidad rural de Taiquem\u00f3, distante a aproximadamente una hora del centro de la ciudad.<\/p>\n\n\n\n<p>De acuerdo a la informaci\u00f3n preliminar, la emergencia ha arrasado hasta el momento con cerca de 10 hect\u00e1reas de bosque nativo, por lo cual en su extinci\u00f3n trabajan brigadas de Conaf apoyadas por dos helic\u00f3pteros y un avi\u00f3n cisternas, adem\u00e1s de personal bomberil ancuditano.<\/p>\n\n\n\n<p>El dif\u00edcil acceso a esta zona boscosa, ha hecho que se extremen los refuerzos por parte de los equipos de emergencia. Walter Mu\u00f1oz, encargado de Oficina Emergencia Municipal, se refiri\u00f3 a los acontecimientos.<\/p>\n\n\n\n<figure class=\"wp-block-audio\"><audio controls src=\"https:\/\/elconquistadorredloslagos.cl\/test\/wp-content\/uploads\/2025\/01\/W.mp3\"><\/audio><\/figure>\n\n\n\n<p>De acuerdo con el reporte del Senapred, se trata de un siniestro que se ha propagado con muchas rapidez, debido al viento imperante.<\/p>\n\n\n\n<p>EN DESARROLLO&#8230;<\/p>\n\n\n\n<p>FOTO: Redes sociales<\/p>\n","protected":false},"excerpt":{"rendered":"<p>El Servicio Nacional de Prevenci\u00f3n y Respuesta ante Desastres (Senapred) decret\u00f3 esta tarde Alerta Roja para la comuna de Ancud, ante la r\u00e1pida propagaci\u00f3n de un incendio forestal en localidad..<\/p>\n","protected":false},"author":2,"featured_media":6450,"comment_status":"closed","ping_status":"open","sticky":false,"template":"","format":"standard","meta":{"footnotes":""},"categories":[1,28],"tags":[],"class_list":["post-6449","post","type-post","status-publish","format-standard","has-post-thumbnail","hentry","category-acontecer","category-actual"],"rttpg_featured_image_url":{"full":["https:\/\/elconquistadorredloslagos.cl\/test\/wp-content\/uploads\/2025\/01\/Sin-titulo-11-Recuperado-10.png",1920,1080,false],"landscape":["https:\/\/elconquistadorredloslagos.cl\/test\/wp-content\/uploads\/2025\/01\/Sin-titulo-11-Recuperado-10.png",1920,1080,false],"portraits":["https:\/\/elconquistadorredloslagos.cl\/test\/wp-content\/uploads\/2025\/01\/Sin-titulo-11-Recuperado-10.png",1920,1080,false],"thumbnail":["https:\/\/elconquistadorredloslagos.cl\/test\/wp-content\/uploads\/2025\/01\/Sin-titulo-11-Recuperado-10-150x150.png",150,150,true],"medium":["https:\/\/elconquistadorredloslagos.cl\/test\/wp-content\/uploads\/2025\/01\/Sin-titulo-11-Recuperado-10-300x169.png",300,169,true],"large":["https:\/\/elconquistadorredloslagos.cl\/test\/wp-content\/uploads\/2025\/01\/Sin-titulo-11-Recuperado-10-1024x576.png",1024,576,true],"1536x1536":["https:\/\/elconquistadorredloslagos.cl\/test\/wp-content\/uploads\/2025\/01\/Sin-titulo-11-Recuperado-10-1536x864.png",1536,864,true],"2048x2048":["https:\/\/elconquistadorredloslagos.cl\/test\/wp-content\/uploads\/2025\/01\/Sin-titulo-11-Recuperado-10.png",1920,1080,false]},"rttpg_author":{"display_name":"ccardenas","author_link":"https:\/\/elconquistadorredloslagos.cl\/test\/blog\/author\/ccardenas\/"},"rttpg_comment":0,"rttpg_category":"<a href=\"https:\/\/elconquistadorredloslagos.cl\/test\/blog\/category\/actual\/acontecer\/\" rel=\"category tag\">Acontecer<\/a> <a href=\"https:\/\/elconquistadorredloslagos.cl\/test\/blog\/category\/actual\/\" rel=\"category tag\">Actualidad<\/a>","rttpg_excerpt":"El Servicio Nacional de Prevenci\u00f3n y Respuesta ante Desastres (Senapred) decret\u00f3 esta tarde Alerta Roja para la comuna de Ancud, ante la r\u00e1pida propagaci\u00f3n de un incendio forestal en localidad..","_links":{"self":[{"href":"https:\/\/elconquistadorredloslagos.cl\/test\/wp-json\/wp\/v2\/posts\/6449","targetHints":{"allow":["GET"]}}],"collection":[{"href":"https:\/\/elconquistadorredloslagos.cl\/test\/wp-json\/wp\/v2\/posts"}],"about":[{"href":"https:\/\/elconquistadorredloslagos.cl\/test\/wp-json\/wp\/v2\/types\/post"}],"author":[{"embeddable":true,"href":"https:\/\/elconquistadorredloslagos.cl\/test\/wp-json\/wp\/v2\/users\/2"}],"replies":[{"embeddable":true,"href":"https:\/\/elconquistadorredloslagos.cl\/test\/wp-json\/wp\/v2\/comments?post=6449"}],"version-history":[{"count":3,"href":"https:\/\/elconquistadorredloslagos.cl\/test\/wp-json\/wp\/v2\/posts\/6449\/revisions"}],"predecessor-version":[{"id":6455,"href":"https:\/\/elconquistadorredloslagos.cl\/test\/wp-json\/wp\/v2\/posts\/6449\/revisions\/6455"}],"wp:featuredmedia":[{"embeddable":true,"href":"https:\/\/elconquistadorredloslagos.cl\/test\/wp-json\/wp\/v2\/media\/6450"}],"wp:attachment":[{"href":"https:\/\/elconquistadorredloslagos.cl\/test\/wp-json\/wp\/v2\/media?parent=6449"}],"wp:term":[{"taxonomy":"category","embeddable":true,"href":"https:\/\/elconquistadorredloslagos.cl\/test\/wp-json\/wp\/v2\/categories?post=6449"},{"taxonomy":"post_tag","embeddable":true,"href":"https:\/\/elconquistadorredloslagos.cl\/test\/wp-json\/wp\/v2\/tags?post=6449"}],"curies":[{"name":"wp","href":"https:\/\/api.w.org\/{rel}","templated":true}]}}