{"id":6439,"date":"2025-01-13T15:04:39","date_gmt":"2025-01-13T18:04:39","guid":{"rendered":"https:\/\/elconquistadorredloslagos.cl\/test\/?p=6439"},"modified":"2025-01-13T23:22:03","modified_gmt":"2025-01-14T02:22:03","slug":"con-exito-se-desarrollo-el-43o-encuentro-de-cultores-del-folclore-de-chiloe-en-dalcahue","status":"publish","type":"post","link":"https:\/\/elconquistadorredloslagos.cl\/test\/blog\/2025\/01\/13\/con-exito-se-desarrollo-el-43o-encuentro-de-cultores-del-folclore-de-chiloe-en-dalcahue\/","title":{"rendered":"Con \u00e9xito se desarroll\u00f3 el 43\u00ba Encuentro de Cultores del Folclore de Chilo\u00e9 en Dalcahue"},"content":{"rendered":"\n<p>Dalcahue vivi\u00f3 sus m\u00e1s profundas ra\u00edces culturales este fin de semana con la realizaci\u00f3n de la versi\u00f3n 43\u00b0 del Encuentro Anual de Cultura Popular Chilota, que re\u00fane a familias, vecinos y visitantes frente a la feria artesanal.<\/p>\n\n\n\n<p>La jornada, caracterizada por la m\u00fasica, la tradici\u00f3n y el humor, cont\u00f3 con la participaci\u00f3n de cultores locales que interpretaron los cantos m\u00e1s t\u00edpicos del folklore chilote, as\u00ed como la presentaci\u00f3n especial del comediante Huaso Filomeno. Esta actividad confirm\u00f3 el compromiso del municipio con la preservaci\u00f3n y difusi\u00f3n de la cultura chilota lo que fue destacado por la alcaldesa de Dalcahue, Alejandra Villegas, quien calific\u00f3 de \u201cmuy positivo\u201d el desarrollo de esta jornada y destac\u00f3 la gran participaci\u00f3n del p\u00fablico y el entusiasmo mostrado por los artistas.<\/p>\n\n\n\n<p>\u201cEste evento no s\u00f3lo resalt\u00f3 nuestra identidad cultural, sino que tambi\u00e9n nos une como comunidad y hace referencia a las personas que visitan nuestro municipio en busca de experiencias \u00fanicas\u201d, dijo la primera autoridad comunal.<\/p>\n\n\n\n<p><strong>Museo de la papa en Quiquel<\/strong><\/p>\n\n\n\n<p>Asimismo, Villegas invit\u00f3, por otra parte, a los vecinos y turistas a que concurran este 19 de enero a la actividad denominada el Museo de la Papa que se desarrollar\u00e1 desde las 12 horas en Quiquel. All\u00ed, quienes acudan al evento, podr\u00e1n disfrutar de una jornada llena de m\u00fasica en vivo, gastronom\u00eda t\u00edpica chilota, conversatorios culturales, concursos familiares y exhibiciones de artesan\u00edas y especialidades locales.<\/p>\n","protected":false},"excerpt":{"rendered":"<p>Dalcahue vivi\u00f3 sus m\u00e1s profundas ra\u00edces culturales este fin de semana con la realizaci\u00f3n de la versi\u00f3n 43\u00b0 del Encuentro Anual de Cultura Popular Chilota, que re\u00fane a familias, vecinos..<\/p>\n","protected":false},"author":2,"featured_media":6440,"comment_status":"closed","ping_status":"open","sticky":false,"template":"","format":"standard","meta":{"footnotes":""},"categories":[1,28],"tags":[],"class_list":["post-6439","post","type-post","status-publish","format-standard","has-post-thumbnail","hentry","category-acontecer","category-actual"],"rttpg_featured_image_url":{"full":["https:\/\/elconquistadorredloslagos.cl\/test\/wp-content\/uploads\/2025\/01\/Sin-titulo-11-Recuperado-9.png",1920,1080,false],"landscape":["https:\/\/elconquistadorredloslagos.cl\/test\/wp-content\/uploads\/2025\/01\/Sin-titulo-11-Recuperado-9.png",1920,1080,false],"portraits":["https:\/\/elconquistadorredloslagos.cl\/test\/wp-content\/uploads\/2025\/01\/Sin-titulo-11-Recuperado-9.png",1920,1080,false],"thumbnail":["https:\/\/elconquistadorredloslagos.cl\/test\/wp-content\/uploads\/2025\/01\/Sin-titulo-11-Recuperado-9-150x150.png",150,150,true],"medium":["https:\/\/elconquistadorredloslagos.cl\/test\/wp-content\/uploads\/2025\/01\/Sin-titulo-11-Recuperado-9-300x169.png",300,169,true],"large":["https:\/\/elconquistadorredloslagos.cl\/test\/wp-content\/uploads\/2025\/01\/Sin-titulo-11-Recuperado-9-1024x576.png",1024,576,true],"1536x1536":["https:\/\/elconquistadorredloslagos.cl\/test\/wp-content\/uploads\/2025\/01\/Sin-titulo-11-Recuperado-9-1536x864.png",1536,864,true],"2048x2048":["https:\/\/elconquistadorredloslagos.cl\/test\/wp-content\/uploads\/2025\/01\/Sin-titulo-11-Recuperado-9.png",1920,1080,false]},"rttpg_author":{"display_name":"ccardenas","author_link":"https:\/\/elconquistadorredloslagos.cl\/test\/blog\/author\/ccardenas\/"},"rttpg_comment":0,"rttpg_category":"<a href=\"https:\/\/elconquistadorredloslagos.cl\/test\/blog\/category\/actual\/acontecer\/\" rel=\"category tag\">Acontecer<\/a> <a href=\"https:\/\/elconquistadorredloslagos.cl\/test\/blog\/category\/actual\/\" rel=\"category tag\">Actualidad<\/a>","rttpg_excerpt":"Dalcahue vivi\u00f3 sus m\u00e1s profundas ra\u00edces culturales este fin de semana con la realizaci\u00f3n de la versi\u00f3n 43\u00b0 del Encuentro Anual de Cultura Popular Chilota, que re\u00fane a familias, vecinos..","_links":{"self":[{"href":"https:\/\/elconquistadorredloslagos.cl\/test\/wp-json\/wp\/v2\/posts\/6439","targetHints":{"allow":["GET"]}}],"collection":[{"href":"https:\/\/elconquistadorredloslagos.cl\/test\/wp-json\/wp\/v2\/posts"}],"about":[{"href":"https:\/\/elconquistadorredloslagos.cl\/test\/wp-json\/wp\/v2\/types\/post"}],"author":[{"embeddable":true,"href":"https:\/\/elconquistadorredloslagos.cl\/test\/wp-json\/wp\/v2\/users\/2"}],"replies":[{"embeddable":true,"href":"https:\/\/elconquistadorredloslagos.cl\/test\/wp-json\/wp\/v2\/comments?post=6439"}],"version-history":[{"count":1,"href":"https:\/\/elconquistadorredloslagos.cl\/test\/wp-json\/wp\/v2\/posts\/6439\/revisions"}],"predecessor-version":[{"id":6441,"href":"https:\/\/elconquistadorredloslagos.cl\/test\/wp-json\/wp\/v2\/posts\/6439\/revisions\/6441"}],"wp:featuredmedia":[{"embeddable":true,"href":"https:\/\/elconquistadorredloslagos.cl\/test\/wp-json\/wp\/v2\/media\/6440"}],"wp:attachment":[{"href":"https:\/\/elconquistadorredloslagos.cl\/test\/wp-json\/wp\/v2\/media?parent=6439"}],"wp:term":[{"taxonomy":"category","embeddable":true,"href":"https:\/\/elconquistadorredloslagos.cl\/test\/wp-json\/wp\/v2\/categories?post=6439"},{"taxonomy":"post_tag","embeddable":true,"href":"https:\/\/elconquistadorredloslagos.cl\/test\/wp-json\/wp\/v2\/tags?post=6439"}],"curies":[{"name":"wp","href":"https:\/\/api.w.org\/{rel}","templated":true}]}}