{"id":6435,"date":"2025-01-13T14:32:42","date_gmt":"2025-01-13T17:32:42","guid":{"rendered":"https:\/\/elconquistadorredloslagos.cl\/test\/?p=6435"},"modified":"2025-01-13T14:32:42","modified_gmt":"2025-01-13T17:32:42","slug":"asume-nuevo-prefecto-de-carabineros-en-la-provincia-de-chiloe","status":"publish","type":"post","link":"https:\/\/elconquistadorredloslagos.cl\/test\/blog\/2025\/01\/13\/asume-nuevo-prefecto-de-carabineros-en-la-provincia-de-chiloe\/","title":{"rendered":"Asume nuevo prefecto de Carabineros en la provincia de Chilo\u00e9"},"content":{"rendered":"\n<p>Con presencia de autoridades provinciales y comunales, se desarroll\u00f3 en la ciudad de Castro, la ceremonia de asunci\u00f3n al cargo del nuevo prefecto para Chilo\u00e9. Se trata del Teniente Coronel Enrique Guti\u00e9rrez Aquea, que viene desde Valdivia y asumir\u00e1 el mando de la prefectura n\u00b026 de Chilo\u00e9-Palena.<\/p>\n\n\n\n<p>Sobre este nuevo desaf\u00edo, se refiri\u00f3 el nuevo mandam\u00e1s de la polic\u00eda uniformada en el Archipi\u00e9lago.<\/p>\n\n\n\n<figure class=\"wp-block-audio\"><audio controls src=\"https:\/\/elconquistadorredloslagos.cl\/test\/wp-content\/uploads\/2025\/01\/CUNA-PREFECTO.mp3\"><\/audio><\/figure>\n\n\n\n<p>Las autoridades destacaron el compromiso de seguir avanzando en la seguridad provincial y a su vez la gran labor que realiza Carabineros en el territorio insular.<\/p>\n","protected":false},"excerpt":{"rendered":"<p>Con presencia de autoridades provinciales y comunales, se desarroll\u00f3 en la ciudad de Castro, la ceremonia de asunci\u00f3n al cargo del nuevo prefecto para Chilo\u00e9. Se trata del Teniente Coronel..<\/p>\n","protected":false},"author":2,"featured_media":6437,"comment_status":"closed","ping_status":"open","sticky":false,"template":"","format":"standard","meta":{"footnotes":""},"categories":[1,28],"tags":[],"class_list":["post-6435","post","type-post","status-publish","format-standard","has-post-thumbnail","hentry","category-acontecer","category-actual"],"rttpg_featured_image_url":{"full":["https:\/\/elconquistadorredloslagos.cl\/test\/wp-content\/uploads\/2025\/01\/Sin-titulo-11-Recuperado-8.png",1920,1080,false],"landscape":["https:\/\/elconquistadorredloslagos.cl\/test\/wp-content\/uploads\/2025\/01\/Sin-titulo-11-Recuperado-8.png",1920,1080,false],"portraits":["https:\/\/elconquistadorredloslagos.cl\/test\/wp-content\/uploads\/2025\/01\/Sin-titulo-11-Recuperado-8.png",1920,1080,false],"thumbnail":["https:\/\/elconquistadorredloslagos.cl\/test\/wp-content\/uploads\/2025\/01\/Sin-titulo-11-Recuperado-8-150x150.png",150,150,true],"medium":["https:\/\/elconquistadorredloslagos.cl\/test\/wp-content\/uploads\/2025\/01\/Sin-titulo-11-Recuperado-8-300x169.png",300,169,true],"large":["https:\/\/elconquistadorredloslagos.cl\/test\/wp-content\/uploads\/2025\/01\/Sin-titulo-11-Recuperado-8-1024x576.png",1024,576,true],"1536x1536":["https:\/\/elconquistadorredloslagos.cl\/test\/wp-content\/uploads\/2025\/01\/Sin-titulo-11-Recuperado-8-1536x864.png",1536,864,true],"2048x2048":["https:\/\/elconquistadorredloslagos.cl\/test\/wp-content\/uploads\/2025\/01\/Sin-titulo-11-Recuperado-8.png",1920,1080,false]},"rttpg_author":{"display_name":"ccardenas","author_link":"https:\/\/elconquistadorredloslagos.cl\/test\/blog\/author\/ccardenas\/"},"rttpg_comment":0,"rttpg_category":"<a href=\"https:\/\/elconquistadorredloslagos.cl\/test\/blog\/category\/actual\/acontecer\/\" rel=\"category tag\">Acontecer<\/a> <a href=\"https:\/\/elconquistadorredloslagos.cl\/test\/blog\/category\/actual\/\" rel=\"category tag\">Actualidad<\/a>","rttpg_excerpt":"Con presencia de autoridades provinciales y comunales, se desarroll\u00f3 en la ciudad de Castro, la ceremonia de asunci\u00f3n al cargo del nuevo prefecto para Chilo\u00e9. Se trata del Teniente Coronel..","_links":{"self":[{"href":"https:\/\/elconquistadorredloslagos.cl\/test\/wp-json\/wp\/v2\/posts\/6435","targetHints":{"allow":["GET"]}}],"collection":[{"href":"https:\/\/elconquistadorredloslagos.cl\/test\/wp-json\/wp\/v2\/posts"}],"about":[{"href":"https:\/\/elconquistadorredloslagos.cl\/test\/wp-json\/wp\/v2\/types\/post"}],"author":[{"embeddable":true,"href":"https:\/\/elconquistadorredloslagos.cl\/test\/wp-json\/wp\/v2\/users\/2"}],"replies":[{"embeddable":true,"href":"https:\/\/elconquistadorredloslagos.cl\/test\/wp-json\/wp\/v2\/comments?post=6435"}],"version-history":[{"count":1,"href":"https:\/\/elconquistadorredloslagos.cl\/test\/wp-json\/wp\/v2\/posts\/6435\/revisions"}],"predecessor-version":[{"id":6438,"href":"https:\/\/elconquistadorredloslagos.cl\/test\/wp-json\/wp\/v2\/posts\/6435\/revisions\/6438"}],"wp:featuredmedia":[{"embeddable":true,"href":"https:\/\/elconquistadorredloslagos.cl\/test\/wp-json\/wp\/v2\/media\/6437"}],"wp:attachment":[{"href":"https:\/\/elconquistadorredloslagos.cl\/test\/wp-json\/wp\/v2\/media?parent=6435"}],"wp:term":[{"taxonomy":"category","embeddable":true,"href":"https:\/\/elconquistadorredloslagos.cl\/test\/wp-json\/wp\/v2\/categories?post=6435"},{"taxonomy":"post_tag","embeddable":true,"href":"https:\/\/elconquistadorredloslagos.cl\/test\/wp-json\/wp\/v2\/tags?post=6435"}],"curies":[{"name":"wp","href":"https:\/\/api.w.org\/{rel}","templated":true}]}}